{"id":2051,"date":"2019-08-23T16:06:10","date_gmt":"2019-08-23T19:06:10","guid":{"rendered":"http:\/\/www.santaritadopassaquatro.sp.gov.br\/portal\/?p=2051"},"modified":"2019-08-23T16:06:10","modified_gmt":"2019-08-23T19:06:10","slug":"capacitacao-gratuita-acontece-a-partir-desta-quarta-feira","status":"publish","type":"post","link":"https:\/\/www.santaritadopassaquatro.sp.gov.br\/portal\/capacitacao-gratuita-acontece-a-partir-desta-quarta-feira\/","title":{"rendered":"Capacita\u00e7\u00e3o gratuita acontece \u00e0 partir desta quarta-feira"},"content":{"rendered":"<p><strong><em>Atendimento ao cliente \u00e9 tema de curso promovido pela Funda\u00e7\u00e3o Salvador Arena em parceria com a prefeitura Municipal, no Centro Cultural M\u00e1rio Covas<\/em><\/strong><\/p>\n<p><strong><em>\u00a0<\/em><\/strong><\/p>\n<p>Come\u00e7a na pr\u00f3xima quarta-feira (28\/8), no Centro Cultural Mario Covas, a capacita\u00e7\u00e3o gratuita em Atendimento ao Cliente promovida pela Funda\u00e7\u00e3o Salvador Arena, atrav\u00e9s da Faculdade de Tecnologia e Termomec\u00e2nica, em parceria coma Prefeitura Municipal de Santa Rita do Passa Quatro.<\/p>\n<p>O prazo para inscri\u00e7\u00f5es terminou nesta sexta-feira (23\/8) e as vagas s\u00e3o limitadas. Aberta ao p\u00fablico a capacita\u00e7\u00e3o acontece tamb\u00e9m na sexta-feira (29\/8), das 18h30 \u00e0s 21h30. O conte\u00fado program\u00e1tico do curso conta com an\u00e1lise de mercado, consumidor e cliente, tipos de atendimento (presencial, balc\u00e3o, virtual e fora do estabelecimento), componentes de atendimento, comportamento de clientes, fideliza\u00e7\u00e3o, modelos de atendimento, promo\u00e7\u00e3o de venda, <em>lay out <\/em>e planejamento de atendimento.<\/p>\n<p>A a\u00e7\u00e3o conta com apoio da Prefeitura Municipal, atrav\u00e9s do Plano Municipal de Desenvolvimento.<\/p>\n","protected":false},"excerpt":{"rendered":"<p>Atendimento ao cliente \u00e9 tema de curso promovido pela Funda\u00e7\u00e3o Salvador Arena em parceria com a prefeitura Municipal, no Centro<\/p>\n","protected":false},"author":1,"featured_media":1864,"comment_status":"closed","ping_status":"open","sticky":false,"template":"","format":"standard","meta":{"footnotes":""},"categories":[43,47,56],"tags":[],"class_list":["post-2051","post","type-post","status-publish","format-standard","has-post-thumbnail","hentry","category-assistenciasocial","category-desenvovimento","category-oportunidade"],"_links":{"self":[{"href":"https:\/\/www.santaritadopassaquatro.sp.gov.br\/portal\/wp-json\/wp\/v2\/posts\/2051","targetHints":{"allow":["GET"]}}],"collection":[{"href":"https:\/\/www.santaritadopassaquatro.sp.gov.br\/portal\/wp-json\/wp\/v2\/posts"}],"about":[{"href":"https:\/\/www.santaritadopassaquatro.sp.gov.br\/portal\/wp-json\/wp\/v2\/types\/post"}],"author":[{"embeddable":true,"href":"https:\/\/www.santaritadopassaquatro.sp.gov.br\/portal\/wp-json\/wp\/v2\/users\/1"}],"replies":[{"embeddable":true,"href":"https:\/\/www.santaritadopassaquatro.sp.gov.br\/portal\/wp-json\/wp\/v2\/comments?post=2051"}],"version-history":[{"count":0,"href":"https:\/\/www.santaritadopassaquatro.sp.gov.br\/portal\/wp-json\/wp\/v2\/posts\/2051\/revisions"}],"wp:featuredmedia":[{"embeddable":true,"href":"https:\/\/www.santaritadopassaquatro.sp.gov.br\/portal\/wp-json\/wp\/v2\/media\/1864"}],"wp:attachment":[{"href":"https:\/\/www.santaritadopassaquatro.sp.gov.br\/portal\/wp-json\/wp\/v2\/media?parent=2051"}],"wp:term":[{"taxonomy":"category","embeddable":true,"href":"https:\/\/www.santaritadopassaquatro.sp.gov.br\/portal\/wp-json\/wp\/v2\/categories?post=2051"},{"taxonomy":"post_tag","embeddable":true,"href":"https:\/\/www.santaritadopassaquatro.sp.gov.br\/portal\/wp-json\/wp\/v2\/tags?post=2051"}],"curies":[{"name":"wp","href":"https:\/\/api.w.org\/{rel}","templated":true}]}}