{"id":2053,"date":"2019-08-23T16:07:32","date_gmt":"2019-08-23T19:07:32","guid":{"rendered":"http:\/\/www.santaritadopassaquatro.sp.gov.br\/portal\/?p=2053"},"modified":"2019-08-23T16:07:32","modified_gmt":"2019-08-23T19:07:32","slug":"iniciado-o-curso-de-auxiliar-administrativo-e-logistica-parceria-entre-fundo-social-e-senai","status":"publish","type":"post","link":"https:\/\/www.santaritadopassaquatro.sp.gov.br\/portal\/iniciado-o-curso-de-auxiliar-administrativo-e-logistica-parceria-entre-fundo-social-e-senai\/","title":{"rendered":"Iniciado o curso de auxiliar administrativo e log\u00edstica, parceria entre Fundo Social e Senai"},"content":{"rendered":"<p><strong><em>Aulas acontecem no Centro Profissionalizante Marcia de Souza Menegassi at\u00e9 outubro<\/em><\/strong><\/p>\n<p><strong><em>\u00a0<\/em><\/strong><\/p>\n<p><img decoding=\"async\" class=\"alignnone size-medium wp-image-2054 alignleft\" src=\"http:\/\/www.santaritadopassaquatro.sp.gov.br\/portal\/wp-content\/uploads\/2019\/08\/Curso_fundo_social_aux_adm_fundo_social-300x225.jpeg\" alt=\"\" width=\"300\" height=\"225\" srcset=\"https:\/\/www.santaritadopassaquatro.sp.gov.br\/portal\/wp-content\/uploads\/2019\/08\/Curso_fundo_social_aux_adm_fundo_social-300x225.jpeg 300w, https:\/\/www.santaritadopassaquatro.sp.gov.br\/portal\/wp-content\/uploads\/2019\/08\/Curso_fundo_social_aux_adm_fundo_social-768x576.jpeg 768w, https:\/\/www.santaritadopassaquatro.sp.gov.br\/portal\/wp-content\/uploads\/2019\/08\/Curso_fundo_social_aux_adm_fundo_social-1024x768.jpeg 1024w, https:\/\/www.santaritadopassaquatro.sp.gov.br\/portal\/wp-content\/uploads\/2019\/08\/Curso_fundo_social_aux_adm_fundo_social.jpeg 1032w\" sizes=\"(max-width: 300px) 100vw, 300px\" \/>Iniciou no \u00faltimo dia 12\/8, segunda-feira, o curso gratuito de Auxiliar Administrativo e Fundamentos de Log\u00edstica, promovido pela Prefeitura Municipal de Santa Rita do Passa Quatro, atrav\u00e9s do Fundo Social de Solidariedade, em parceria com o Senai-SP.<\/p>\n<p>Com professor do Senai e carga hor\u00e1ria de 64 horas, o curso segue at\u00e9 o pr\u00f3ximo dia 28 de outubro, com aulas de segundas e quartas-feiras, das 19h \u00e0s 22 horas, no Centro Profissionalizante Professora Marcia de Souza Menegassi (antigo Sesi).<\/p>\n<p>O objetivo do curso \u00e9 gerar oportunidade de emprego e renda atrav\u00e9s da qualifica\u00e7\u00e3o profissional, a parceria entre Senai e Fundo Social j\u00e1 ofereceu \u00e0 popula\u00e7\u00e3o cursos de eletricista instalador, pedreiro assentador, assistente administrativo e costureira.<\/p>\n<p><strong>\u00a0<\/strong><\/p>\n<p><strong>FOTO: <\/strong><em>Alunos do curso iniciado no <\/em><em>Centro Profissionalizante em parceria entre Fundo Social e Senai <\/em><em>(Divulga\u00e7\u00e3o)<\/em><\/p>\n<p><strong>\u00a0<\/strong><\/p>\n<p><strong>\u00a0<\/strong><\/p>\n<p>&nbsp;<\/p>\n<p>&nbsp;<\/p>\n<p>&nbsp;<\/p>\n<p>&nbsp;<\/p>\n","protected":false},"excerpt":{"rendered":"<p>Aulas acontecem no Centro Profissionalizante Marcia de Souza Menegassi at\u00e9 outubro \u00a0 Iniciou no \u00faltimo dia 12\/8, segunda-feira, o curso<\/p>\n","protected":false},"author":1,"featured_media":2054,"comment_status":"closed","ping_status":"open","sticky":false,"template":"","format":"standard","meta":{"footnotes":""},"categories":[43],"tags":[],"class_list":["post-2053","post","type-post","status-publish","format-standard","has-post-thumbnail","hentry","category-assistenciasocial"],"_links":{"self":[{"href":"https:\/\/www.santaritadopassaquatro.sp.gov.br\/portal\/wp-json\/wp\/v2\/posts\/2053","targetHints":{"allow":["GET"]}}],"collection":[{"href":"https:\/\/www.santaritadopassaquatro.sp.gov.br\/portal\/wp-json\/wp\/v2\/posts"}],"about":[{"href":"https:\/\/www.santaritadopassaquatro.sp.gov.br\/portal\/wp-json\/wp\/v2\/types\/post"}],"author":[{"embeddable":true,"href":"https:\/\/www.santaritadopassaquatro.sp.gov.br\/portal\/wp-json\/wp\/v2\/users\/1"}],"replies":[{"embeddable":true,"href":"https:\/\/www.santaritadopassaquatro.sp.gov.br\/portal\/wp-json\/wp\/v2\/comments?post=2053"}],"version-history":[{"count":0,"href":"https:\/\/www.santaritadopassaquatro.sp.gov.br\/portal\/wp-json\/wp\/v2\/posts\/2053\/revisions"}],"wp:featuredmedia":[{"embeddable":true,"href":"https:\/\/www.santaritadopassaquatro.sp.gov.br\/portal\/wp-json\/wp\/v2\/media\/2054"}],"wp:attachment":[{"href":"https:\/\/www.santaritadopassaquatro.sp.gov.br\/portal\/wp-json\/wp\/v2\/media?parent=2053"}],"wp:term":[{"taxonomy":"category","embeddable":true,"href":"https:\/\/www.santaritadopassaquatro.sp.gov.br\/portal\/wp-json\/wp\/v2\/categories?post=2053"},{"taxonomy":"post_tag","embeddable":true,"href":"https:\/\/www.santaritadopassaquatro.sp.gov.br\/portal\/wp-json\/wp\/v2\/tags?post=2053"}],"curies":[{"name":"wp","href":"https:\/\/api.w.org\/{rel}","templated":true}]}}