{"id":2056,"date":"2019-08-23T16:09:04","date_gmt":"2019-08-23T19:09:04","guid":{"rendered":"http:\/\/www.santaritadopassaquatro.sp.gov.br\/portal\/?p=2056"},"modified":"2019-08-23T16:09:04","modified_gmt":"2019-08-23T19:09:04","slug":"58o-festival-zequinha-de-abreu-ja-tem-atracoes-confirmadas","status":"publish","type":"post","link":"https:\/\/www.santaritadopassaquatro.sp.gov.br\/portal\/58o-festival-zequinha-de-abreu-ja-tem-atracoes-confirmadas\/","title":{"rendered":"58\u00ba Festival Zequinha de Abreu j\u00e1 tem atra\u00e7\u00f5es confirmadas"},"content":{"rendered":"<p><strong><em>Evento acontece dentro da programa\u00e7\u00e3o cultural de setembro, logo ap\u00f3s a Feira do Com\u00e9rcio, na semana anivers\u00e1rio do compositor homenageado<\/em><\/strong><\/p>\n<p><strong><em>\u00a0<\/em><\/strong><\/p>\n<figure id=\"attachment_2058\" aria-describedby=\"caption-attachment-2058\" style=\"width: 300px\" class=\"wp-caption alignleft\"><img decoding=\"async\" class=\"wp-image-2058 size-medium\" src=\"http:\/\/www.santaritadopassaquatro.sp.gov.br\/portal\/wp-content\/uploads\/2019\/08\/FZA03_bandas_concerto-300x200.jpg\" alt=\"\" width=\"300\" height=\"200\" srcset=\"https:\/\/www.santaritadopassaquatro.sp.gov.br\/portal\/wp-content\/uploads\/2019\/08\/FZA03_bandas_concerto-300x200.jpg 300w, https:\/\/www.santaritadopassaquatro.sp.gov.br\/portal\/wp-content\/uploads\/2019\/08\/FZA03_bandas_concerto-768x512.jpg 768w, https:\/\/www.santaritadopassaquatro.sp.gov.br\/portal\/wp-content\/uploads\/2019\/08\/FZA03_bandas_concerto-1024x682.jpg 1024w, https:\/\/www.santaritadopassaquatro.sp.gov.br\/portal\/wp-content\/uploads\/2019\/08\/FZA03_bandas_concerto.jpg 1976w\" sizes=\"(max-width: 300px) 100vw, 300px\" \/><figcaption id=\"caption-attachment-2058\" class=\"wp-caption-text\"><span style=\"font-size: 8pt; color: #999999;\"><strong>Etapa do Campeonato Estadual de Fanfarras e Bandas, da Ffabesp, j\u00e1 \u00e9 atra\u00e7\u00e3o confirmada do 58\u00ba Festival Zequinha de Abreu (Arquivo\/AssCom\/Divulga\u00e7\u00e3o)<\/strong><\/span><\/figcaption><\/figure>\n<p>Departamento de Cultura de Turismo, da Prefeitura Municipal de Santa Rita do Passa Quatro, est\u00e1 definindo a programa\u00e7\u00e3o da 57\u00aa edi\u00e7\u00e3o do Festival Zequinha de Abreu, evento em homenagem ao compositor santa-ritense Jos\u00e9 Gomes de Abreu, autor de \u201cTico-tico no Fub\u00e1\u201d, a m\u00fasica brasileira mais executada no mundo.<\/p>\n<p>O evento, que ir\u00e1 reunir atra\u00e7\u00f5es diversas entre homenagens e apresenta\u00e7\u00f5es musicais, est\u00e1 programado para acontecer de 18 a 22 de setembro, semana de anivers\u00e1rio do homenageado.<\/p>\n<p>A programa\u00e7\u00e3o do 58\u00ba Festival Zequinha de Abreu est\u00e1 sendo finalizada pela organiza\u00e7\u00e3o para finalmente ser divulgada. Entre as atra\u00e7\u00f5es, j\u00e1 est\u00e3o confirmados a homenagem no busto do compositor, exatamente da data do seu nascimento, 19 de setembro, e os tradicionais concurso e desfile de bandas e fanfarras, nos dias 21 e 22 de setembro, s\u00e1bado e domingo.<\/p>\n<p>O s\u00e1bado (21\/9) ser\u00e1 dedicado \u00e0s bandas marciais e de concerto, como parte do Campeonato Estadual de Fanfarras e Bandas, o Paulist\u00e3o, promovido pela Federa\u00e7\u00e3o das Fanfarras e Bandas do Estado de S\u00e3o Paulo (Ffabesp). No domingo (22\/9) o concurso continua na parte da manh\u00e3, na Pra\u00e7a Poeta M\u00e1rio Mattoso (Esta\u00e7\u00e3o), e a tarde acontece o desfile das bandas na Avenida Severino Meirelles.<\/p>\n<p><strong>\u00a0<\/strong><\/p>\n<p><strong>O HOMENAGEADO <\/strong><\/p>\n<p>Reconhecido internacionalmente por composi\u00e7\u00f5es como \u201cTico-tico no Fub\u00e1\u201d, imortalizada por Carmen Miranda, em uma produ\u00e7\u00e3o dos est\u00fadios Disney, Zequinha de Abreu nasceu em Santa Rita do Passa Quatro, em 19 de setembro de 1880, e faleceu em S\u00e3o Paulo, no dia 22 de Janeiro de 1935.<\/p>\n<p><strong>\u00a0<\/strong><\/p>\n<p>&nbsp;<\/p>\n<p>&nbsp;<\/p>\n<p>&nbsp;<\/p>\n","protected":false},"excerpt":{"rendered":"<p>Evento acontece dentro da programa\u00e7\u00e3o cultural de setembro, logo ap\u00f3s a Feira do Com\u00e9rcio, na semana anivers\u00e1rio do compositor homenageado<\/p>\n","protected":false},"author":1,"featured_media":2057,"comment_status":"closed","ping_status":"open","sticky":false,"template":"","format":"standard","meta":{"footnotes":""},"categories":[46,60],"tags":[],"class_list":["post-2056","post","type-post","status-publish","format-standard","has-post-thumbnail","hentry","category-cultura","category-turismo"],"_links":{"self":[{"href":"https:\/\/www.santaritadopassaquatro.sp.gov.br\/portal\/wp-json\/wp\/v2\/posts\/2056","targetHints":{"allow":["GET"]}}],"collection":[{"href":"https:\/\/www.santaritadopassaquatro.sp.gov.br\/portal\/wp-json\/wp\/v2\/posts"}],"about":[{"href":"https:\/\/www.santaritadopassaquatro.sp.gov.br\/portal\/wp-json\/wp\/v2\/types\/post"}],"author":[{"embeddable":true,"href":"https:\/\/www.santaritadopassaquatro.sp.gov.br\/portal\/wp-json\/wp\/v2\/users\/1"}],"replies":[{"embeddable":true,"href":"https:\/\/www.santaritadopassaquatro.sp.gov.br\/portal\/wp-json\/wp\/v2\/comments?post=2056"}],"version-history":[{"count":0,"href":"https:\/\/www.santaritadopassaquatro.sp.gov.br\/portal\/wp-json\/wp\/v2\/posts\/2056\/revisions"}],"wp:featuredmedia":[{"embeddable":true,"href":"https:\/\/www.santaritadopassaquatro.sp.gov.br\/portal\/wp-json\/wp\/v2\/media\/2057"}],"wp:attachment":[{"href":"https:\/\/www.santaritadopassaquatro.sp.gov.br\/portal\/wp-json\/wp\/v2\/media?parent=2056"}],"wp:term":[{"taxonomy":"category","embeddable":true,"href":"https:\/\/www.santaritadopassaquatro.sp.gov.br\/portal\/wp-json\/wp\/v2\/categories?post=2056"},{"taxonomy":"post_tag","embeddable":true,"href":"https:\/\/www.santaritadopassaquatro.sp.gov.br\/portal\/wp-json\/wp\/v2\/tags?post=2056"}],"curies":[{"name":"wp","href":"https:\/\/api.w.org\/{rel}","templated":true}]}}