{"id":2063,"date":"2019-08-23T16:13:05","date_gmt":"2019-08-23T19:13:05","guid":{"rendered":"http:\/\/www.santaritadopassaquatro.sp.gov.br\/portal\/?p=2063"},"modified":"2019-08-23T16:13:05","modified_gmt":"2019-08-23T19:13:05","slug":"santa-rita-recebe-mais-uma-competicao-esportiva-universitaria-no-fim-do-mes","status":"publish","type":"post","link":"https:\/\/www.santaritadopassaquatro.sp.gov.br\/portal\/santa-rita-recebe-mais-uma-competicao-esportiva-universitaria-no-fim-do-mes\/","title":{"rendered":"Santa Rita recebe mais uma competi\u00e7\u00e3o esportiva universit\u00e1ria no fim do m\u00eas"},"content":{"rendered":"<p><strong><em>Interodonto ir\u00e1 reunir estudantes de odontologia de 12 universidades entre os dias 31 de agosto e 3 de setembro; mais um evento consolida o turismo no munic\u00edpio <\/em><\/strong><\/p>\n<p>&nbsp;<\/p>\n<figure id=\"attachment_2065\" aria-describedby=\"caption-attachment-2065\" style=\"width: 398px\" class=\"wp-caption alignleft\"><img decoding=\"async\" class=\"wp-image-2065\" src=\"http:\/\/www.santaritadopassaquatro.sp.gov.br\/portal\/wp-content\/uploads\/2019\/08\/Interodonto_foto01_copa_fisio-300x200.jpg\" alt=\"\" width=\"398\" height=\"265\" srcset=\"https:\/\/www.santaritadopassaquatro.sp.gov.br\/portal\/wp-content\/uploads\/2019\/08\/Interodonto_foto01_copa_fisio-300x200.jpg 300w, https:\/\/www.santaritadopassaquatro.sp.gov.br\/portal\/wp-content\/uploads\/2019\/08\/Interodonto_foto01_copa_fisio-768x512.jpg 768w, https:\/\/www.santaritadopassaquatro.sp.gov.br\/portal\/wp-content\/uploads\/2019\/08\/Interodonto_foto01_copa_fisio-1024x683.jpg 1024w\" sizes=\"(max-width: 398px) 100vw, 398px\" \/><figcaption id=\"caption-attachment-2065\" class=\"wp-caption-text\"><span style=\"font-size: 8pt; color: #999999;\"><em><strong>Estudantes no Parque Tur\u00edstico, durante a Copa Farma F\u00edsio, realizada em junho (AssCom\/Arquivo\/Divulga\u00e7\u00e3o)<\/strong><\/em><\/span><\/figcaption><\/figure>\n<p>Santa Rita do Passa Quatro, a cada dia, vem se consolidando como destino tur\u00edstico em diversos segmentos. Um deles, o turismo esportivo, cresce todos os anos com a procura de estudantes que v\u00eam a cidade para competi\u00e7\u00f5es, reunindo milhares de participantes, que aquecem a economia local.<\/p>\n<p>No pr\u00f3ximo dia 31 de agosto, s\u00e1bado, ser\u00e1 realizada na cidade a mais uma edi\u00e7\u00e3o da Interodonto, jogos entre os estudantes de odontologia de 12 universidades, USP (S\u00e3o Paulo, Ribeir\u00e3o Preto e Bauru), Unip (SP), Unicid (SP), Metodista (SP), Unesp (Araraquara), Unicamp, Unaerp, Unoeste Unifunec e Unisanta.<\/p>\n<p>A competi\u00e7\u00e3o segue at\u00e9 o dia 3 de setembro, ter\u00e7a-feira, com disputas de nata\u00e7\u00e3o, no Centro de Lazer do Trabalhador, e jogos de basquete o v\u00f4lei na Quadra Municipal Professor Oscar de Oliveira Alves.<\/p>\n<p>De acordo com o Departamento de Turismo da Prefeitura, a competi\u00e7\u00e3o \u00e9 considerada de grande import\u00e2ncia para o est\u00edmulo ao turismo na est\u00e2ncia, com a expectativa de participa\u00e7\u00e3o de at\u00e9 mil estudantes, aquecendo a economia local, especialmente nos setores de alimenta\u00e7\u00e3o, hospedagem, combust\u00edveis e presta\u00e7\u00e3o de servi\u00e7os, al\u00e9m de diversos outros setores que s\u00e3o beneficiados indiretamente.<\/p>\n<p>Esta \u00e9 a segunda competi\u00e7\u00e3o do g\u00eanero realizada este ano no munic\u00edpio. Em junho, a Copa Farma F\u00edsico reuniu cerca de 1200 universit\u00e1rios dos estados de S\u00e3o Paulo, Rio de Janeiro, Minas Gerais, Paran\u00e1 e Mato Grosso do Sul, gerando cerca de 100 empregos tempor\u00e1rios diretos na cidade.\u00a0 Al\u00e9m disso, o evento tamb\u00e9m arrecadou cerca de mil quilos de alimentos, doados pelos estudantes, que foram destinados a tr\u00eas entidades do munic\u00edpio: Lar S\u00e3o Vicente de Paulo (Asilo), Abevec (Associa\u00e7\u00e3o Beneficente e Educacional Vida em Cristo) e Instituto das Filhas de S\u00e3o Jos\u00e9.<\/p>\n<p>Em 2018, o munic\u00edpio recebeu outras duas competi\u00e7\u00f5es estudantis. A Interpsico, em maio, com cerca de 1500 estudantes de psicologia, e a Intercomp, realizada em junho, com aproximadamente 800 estudantes de cursos de tecnologia.<\/p>\n<p>&nbsp;<\/p>\n<p>&nbsp;<\/p>\n<p>&nbsp;<\/p>\n","protected":false},"excerpt":{"rendered":"<p>Interodonto ir\u00e1 reunir estudantes de odontologia de 12 universidades entre os dias 31 de agosto e 3 de setembro; mais<\/p>\n","protected":false},"author":1,"featured_media":2064,"comment_status":"closed","ping_status":"open","sticky":false,"template":"","format":"standard","meta":{"footnotes":""},"categories":[51,52,60],"tags":[],"class_list":["post-2063","post","type-post","status-publish","format-standard","has-post-thumbnail","hentry","category-sports","category-latest","category-turismo"],"_links":{"self":[{"href":"https:\/\/www.santaritadopassaquatro.sp.gov.br\/portal\/wp-json\/wp\/v2\/posts\/2063","targetHints":{"allow":["GET"]}}],"collection":[{"href":"https:\/\/www.santaritadopassaquatro.sp.gov.br\/portal\/wp-json\/wp\/v2\/posts"}],"about":[{"href":"https:\/\/www.santaritadopassaquatro.sp.gov.br\/portal\/wp-json\/wp\/v2\/types\/post"}],"author":[{"embeddable":true,"href":"https:\/\/www.santaritadopassaquatro.sp.gov.br\/portal\/wp-json\/wp\/v2\/users\/1"}],"replies":[{"embeddable":true,"href":"https:\/\/www.santaritadopassaquatro.sp.gov.br\/portal\/wp-json\/wp\/v2\/comments?post=2063"}],"version-history":[{"count":0,"href":"https:\/\/www.santaritadopassaquatro.sp.gov.br\/portal\/wp-json\/wp\/v2\/posts\/2063\/revisions"}],"wp:featuredmedia":[{"embeddable":true,"href":"https:\/\/www.santaritadopassaquatro.sp.gov.br\/portal\/wp-json\/wp\/v2\/media\/2064"}],"wp:attachment":[{"href":"https:\/\/www.santaritadopassaquatro.sp.gov.br\/portal\/wp-json\/wp\/v2\/media?parent=2063"}],"wp:term":[{"taxonomy":"category","embeddable":true,"href":"https:\/\/www.santaritadopassaquatro.sp.gov.br\/portal\/wp-json\/wp\/v2\/categories?post=2063"},{"taxonomy":"post_tag","embeddable":true,"href":"https:\/\/www.santaritadopassaquatro.sp.gov.br\/portal\/wp-json\/wp\/v2\/tags?post=2063"}],"curies":[{"name":"wp","href":"https:\/\/api.w.org\/{rel}","templated":true}]}}