{"id":2076,"date":"2019-08-23T16:28:44","date_gmt":"2019-08-23T19:28:44","guid":{"rendered":"http:\/\/www.santaritadopassaquatro.sp.gov.br\/portal\/?p=2076"},"modified":"2019-08-23T16:28:44","modified_gmt":"2019-08-23T19:28:44","slug":"acao-intermunicipal","status":"publish","type":"post","link":"https:\/\/www.santaritadopassaquatro.sp.gov.br\/portal\/acao-intermunicipal\/","title":{"rendered":"A\u00e7\u00e3o intermunicipal"},"content":{"rendered":"<p><img decoding=\"async\" class=\"alignnone size-medium wp-image-2080 alignleft\" src=\"http:\/\/www.santaritadopassaquatro.sp.gov.br\/portal\/wp-content\/uploads\/2019\/08\/Plantio-Corolin-2-225x300.jpg\" alt=\"\" width=\"225\" height=\"300\" srcset=\"https:\/\/www.santaritadopassaquatro.sp.gov.br\/portal\/wp-content\/uploads\/2019\/08\/Plantio-Corolin-2-225x300.jpg 225w, https:\/\/www.santaritadopassaquatro.sp.gov.br\/portal\/wp-content\/uploads\/2019\/08\/Plantio-Corolin-2-768x1024.jpg 768w\" sizes=\"(max-width: 225px) 100vw, 225px\" \/>No \u00faltimo dia 16 de agosto, sexta-feira, a equipe do Departamento de Agricultura e Meio Ambiente de Santa Rita do Passa Quatro, composta pelo diretor Rodrigo Torres Cardoso e do engenheiro agr\u00f4nomo Armando Peron Neto, recebeu a equipe da Secretaria de Infraestrutura, Obras e Meio Ambiente da cidade de Porto Ferreira, composta pelo chefe de se\u00e7\u00e3o de Gest\u00e3o Ambiental Arthur Augusto Costa e pelo engenheiro ambiental Carlos Roberto Corollin J\u00fanior, para acompanh\u00e1-los em uma visita ao nosso Viveiro Municipal.<\/p>\n<p>O objetivo do encontro foi informar sobre gest\u00e3o, funcionamento e t\u00e9cnicas aplicadas em nosso Viveiro, para uma poss\u00edvel implanta\u00e7\u00e3o de equipamento semelhante na cidade de Porto Ferreira.<\/p>\n<p>No final do encontro, para selar a parceria entre as duas equipes, foram plantadas duas \u00e1rvores na pra\u00e7a Zequinha de Abreu, no munic\u00edpio de Santa Rita.<\/p>\n","protected":false},"excerpt":{"rendered":"<p>No \u00faltimo dia 16 de agosto, sexta-feira, a equipe do Departamento de Agricultura e Meio Ambiente de Santa Rita do<\/p>\n","protected":false},"author":1,"featured_media":2077,"comment_status":"closed","ping_status":"open","sticky":false,"template":"","format":"standard","meta":{"footnotes":""},"categories":[53],"tags":[],"class_list":["post-2076","post","type-post","status-publish","format-standard","has-post-thumbnail","hentry","category-meio-ambiente"],"_links":{"self":[{"href":"https:\/\/www.santaritadopassaquatro.sp.gov.br\/portal\/wp-json\/wp\/v2\/posts\/2076","targetHints":{"allow":["GET"]}}],"collection":[{"href":"https:\/\/www.santaritadopassaquatro.sp.gov.br\/portal\/wp-json\/wp\/v2\/posts"}],"about":[{"href":"https:\/\/www.santaritadopassaquatro.sp.gov.br\/portal\/wp-json\/wp\/v2\/types\/post"}],"author":[{"embeddable":true,"href":"https:\/\/www.santaritadopassaquatro.sp.gov.br\/portal\/wp-json\/wp\/v2\/users\/1"}],"replies":[{"embeddable":true,"href":"https:\/\/www.santaritadopassaquatro.sp.gov.br\/portal\/wp-json\/wp\/v2\/comments?post=2076"}],"version-history":[{"count":0,"href":"https:\/\/www.santaritadopassaquatro.sp.gov.br\/portal\/wp-json\/wp\/v2\/posts\/2076\/revisions"}],"wp:featuredmedia":[{"embeddable":true,"href":"https:\/\/www.santaritadopassaquatro.sp.gov.br\/portal\/wp-json\/wp\/v2\/media\/2077"}],"wp:attachment":[{"href":"https:\/\/www.santaritadopassaquatro.sp.gov.br\/portal\/wp-json\/wp\/v2\/media?parent=2076"}],"wp:term":[{"taxonomy":"category","embeddable":true,"href":"https:\/\/www.santaritadopassaquatro.sp.gov.br\/portal\/wp-json\/wp\/v2\/categories?post=2076"},{"taxonomy":"post_tag","embeddable":true,"href":"https:\/\/www.santaritadopassaquatro.sp.gov.br\/portal\/wp-json\/wp\/v2\/tags?post=2076"}],"curies":[{"name":"wp","href":"https:\/\/api.w.org\/{rel}","templated":true}]}}