{"id":2092,"date":"2019-08-30T13:21:13","date_gmt":"2019-08-30T16:21:13","guid":{"rendered":"http:\/\/www.santaritadopassaquatro.sp.gov.br\/portal\/?p=2092"},"modified":"2019-08-30T13:21:13","modified_gmt":"2019-08-30T16:21:13","slug":"visitacao-a-nascente-modelo-com-alunos-do-caic","status":"publish","type":"post","link":"https:\/\/www.santaritadopassaquatro.sp.gov.br\/portal\/visitacao-a-nascente-modelo-com-alunos-do-caic\/","title":{"rendered":"Visita\u00e7\u00e3o \u00e0 nascente modelo com alunos do CAIC"},"content":{"rendered":"<p><img decoding=\"async\" class=\"alignnone size-medium wp-image-2094 alignleft\" src=\"http:\/\/www.santaritadopassaquatro.sp.gov.br\/portal\/wp-content\/uploads\/2019\/08\/Nascente-Caic-300x225.jpg\" alt=\"\" width=\"300\" height=\"225\" srcset=\"https:\/\/www.santaritadopassaquatro.sp.gov.br\/portal\/wp-content\/uploads\/2019\/08\/Nascente-Caic-300x225.jpg 300w, https:\/\/www.santaritadopassaquatro.sp.gov.br\/portal\/wp-content\/uploads\/2019\/08\/Nascente-Caic-768x576.jpg 768w, https:\/\/www.santaritadopassaquatro.sp.gov.br\/portal\/wp-content\/uploads\/2019\/08\/Nascente-Caic-1024x768.jpg 1024w\" sizes=\"(max-width: 300px) 100vw, 300px\" \/>No dia 21 de mar\u00e7o, quinta-feira, alunos da EMEF &#8220;Laura Suriani Barbuio&#8221; que participam do projeto de educa\u00e7\u00e3o ambiental, juntamente com o Departamento de Agricultura e Meio Ambiente da Prefeitura Municipal, realizaram visita\u00e7\u00e3o na Nascente Modelo do Munic\u00edpio de Santa Rita do Passa Quatro.<\/p>\n<p>A \u00e1rea localizada pr\u00f3ximo ao Jardim Bonanza \u00e9 de f\u00e1cil acesso e faz parte do abastecimento p\u00fablico, com \u00f3timo estado de preserva\u00e7\u00e3o e com possibilidades de restaura\u00e7\u00f5es de lugares pr\u00f3ximos.<\/p>\n<p>Essa a\u00e7\u00e3o faz parte do ciclo 2019 do Programa Munic\u00edpio Verde Azul.<\/p>\n<p>&nbsp;<\/p>\n","protected":false},"excerpt":{"rendered":"<p>No dia 21 de mar\u00e7o, quinta-feira, alunos da EMEF &#8220;Laura Suriani Barbuio&#8221; que participam do projeto de educa\u00e7\u00e3o ambiental, juntamente<\/p>\n","protected":false},"author":1,"featured_media":0,"comment_status":"closed","ping_status":"open","sticky":false,"template":"","format":"standard","meta":{"footnotes":""},"categories":[53],"tags":[],"class_list":["post-2092","post","type-post","status-publish","format-standard","hentry","category-meio-ambiente"],"_links":{"self":[{"href":"https:\/\/www.santaritadopassaquatro.sp.gov.br\/portal\/wp-json\/wp\/v2\/posts\/2092","targetHints":{"allow":["GET"]}}],"collection":[{"href":"https:\/\/www.santaritadopassaquatro.sp.gov.br\/portal\/wp-json\/wp\/v2\/posts"}],"about":[{"href":"https:\/\/www.santaritadopassaquatro.sp.gov.br\/portal\/wp-json\/wp\/v2\/types\/post"}],"author":[{"embeddable":true,"href":"https:\/\/www.santaritadopassaquatro.sp.gov.br\/portal\/wp-json\/wp\/v2\/users\/1"}],"replies":[{"embeddable":true,"href":"https:\/\/www.santaritadopassaquatro.sp.gov.br\/portal\/wp-json\/wp\/v2\/comments?post=2092"}],"version-history":[{"count":0,"href":"https:\/\/www.santaritadopassaquatro.sp.gov.br\/portal\/wp-json\/wp\/v2\/posts\/2092\/revisions"}],"wp:attachment":[{"href":"https:\/\/www.santaritadopassaquatro.sp.gov.br\/portal\/wp-json\/wp\/v2\/media?parent=2092"}],"wp:term":[{"taxonomy":"category","embeddable":true,"href":"https:\/\/www.santaritadopassaquatro.sp.gov.br\/portal\/wp-json\/wp\/v2\/categories?post=2092"},{"taxonomy":"post_tag","embeddable":true,"href":"https:\/\/www.santaritadopassaquatro.sp.gov.br\/portal\/wp-json\/wp\/v2\/tags?post=2092"}],"curies":[{"name":"wp","href":"https:\/\/api.w.org\/{rel}","templated":true}]}}