{"id":2099,"date":"2019-08-30T13:23:30","date_gmt":"2019-08-30T16:23:30","guid":{"rendered":"http:\/\/www.santaritadopassaquatro.sp.gov.br\/portal\/?p=2099"},"modified":"2019-08-30T13:23:30","modified_gmt":"2019-08-30T16:23:30","slug":"reforma-das-rampas-de-acessibilidade","status":"publish","type":"post","link":"https:\/\/www.santaritadopassaquatro.sp.gov.br\/portal\/reforma-das-rampas-de-acessibilidade\/","title":{"rendered":"Reforma das Rampas de Acessibilidade\u00a0"},"content":{"rendered":"<p><img decoding=\"async\" class=\"alignnone size-medium wp-image-2100 alignleft\" src=\"http:\/\/www.santaritadopassaquatro.sp.gov.br\/portal\/wp-content\/uploads\/2019\/08\/rampa-de-acessibilidade-300x169.jpg\" alt=\"\" width=\"300\" height=\"169\" srcset=\"https:\/\/www.santaritadopassaquatro.sp.gov.br\/portal\/wp-content\/uploads\/2019\/08\/rampa-de-acessibilidade-300x169.jpg 300w, https:\/\/www.santaritadopassaquatro.sp.gov.br\/portal\/wp-content\/uploads\/2019\/08\/rampa-de-acessibilidade-768x432.jpg 768w, https:\/\/www.santaritadopassaquatro.sp.gov.br\/portal\/wp-content\/uploads\/2019\/08\/rampa-de-acessibilidade-1024x576.jpg 1024w, https:\/\/www.santaritadopassaquatro.sp.gov.br\/portal\/wp-content\/uploads\/2019\/08\/rampa-de-acessibilidade.jpg 1212w\" sizes=\"(max-width: 300px) 100vw, 300px\" \/>Acessibilidade \u00e9 a possibilidade e condi\u00e7\u00e3o de alcance, percep\u00e7\u00e3o e entendimento para a utiliza\u00e7\u00e3o com seguran\u00e7a e autonomia, de edifica\u00e7\u00f5es, espa\u00e7os mobili\u00e1rios, vias p\u00fablicas, equipamentos urbanos e transporte coletivo.<\/p>\n<p>Acessibilidade significa n\u00e3o apenas permitir que pessoas com defici\u00eancias ou mobilidade reduzida participem de atividades que incluem o uso de produtos, servi\u00e7os e informa\u00e7\u00e3o, mas a inclus\u00e3o e extens\u00e3o do uso destes por todas as parcelas presentes em uma determinada popula\u00e7\u00e3o, visando sua adapta\u00e7\u00e3o e locomo\u00e7\u00e3o, eliminando as barreiras.<\/p>\n<p>Pensando nessa quest\u00e3o o Departamento de Servi\u00e7os Municipais realizar\u00e1 a manuten\u00e7\u00e3o das rampas de acessibilidade do munic\u00edpio de Santa Rita do Passa Quatro, para que melhorias estejam sendo feitas constantemente.<\/p>\n<p>Essa a\u00e7\u00e3o est\u00e1 prevista nas diretivas do Programa Munic\u00edpio Verde Azul.<\/p>\n<p>&nbsp;<\/p>\n<p>&nbsp;<\/p>\n","protected":false},"excerpt":{"rendered":"<p>Acessibilidade \u00e9 a possibilidade e condi\u00e7\u00e3o de alcance, percep\u00e7\u00e3o e entendimento para a utiliza\u00e7\u00e3o com seguran\u00e7a e autonomia, de edifica\u00e7\u00f5es,<\/p>\n","protected":false},"author":1,"featured_media":0,"comment_status":"closed","ping_status":"open","sticky":false,"template":"","format":"standard","meta":{"footnotes":""},"categories":[53],"tags":[],"class_list":["post-2099","post","type-post","status-publish","format-standard","hentry","category-meio-ambiente"],"_links":{"self":[{"href":"https:\/\/www.santaritadopassaquatro.sp.gov.br\/portal\/wp-json\/wp\/v2\/posts\/2099","targetHints":{"allow":["GET"]}}],"collection":[{"href":"https:\/\/www.santaritadopassaquatro.sp.gov.br\/portal\/wp-json\/wp\/v2\/posts"}],"about":[{"href":"https:\/\/www.santaritadopassaquatro.sp.gov.br\/portal\/wp-json\/wp\/v2\/types\/post"}],"author":[{"embeddable":true,"href":"https:\/\/www.santaritadopassaquatro.sp.gov.br\/portal\/wp-json\/wp\/v2\/users\/1"}],"replies":[{"embeddable":true,"href":"https:\/\/www.santaritadopassaquatro.sp.gov.br\/portal\/wp-json\/wp\/v2\/comments?post=2099"}],"version-history":[{"count":0,"href":"https:\/\/www.santaritadopassaquatro.sp.gov.br\/portal\/wp-json\/wp\/v2\/posts\/2099\/revisions"}],"wp:attachment":[{"href":"https:\/\/www.santaritadopassaquatro.sp.gov.br\/portal\/wp-json\/wp\/v2\/media?parent=2099"}],"wp:term":[{"taxonomy":"category","embeddable":true,"href":"https:\/\/www.santaritadopassaquatro.sp.gov.br\/portal\/wp-json\/wp\/v2\/categories?post=2099"},{"taxonomy":"post_tag","embeddable":true,"href":"https:\/\/www.santaritadopassaquatro.sp.gov.br\/portal\/wp-json\/wp\/v2\/tags?post=2099"}],"curies":[{"name":"wp","href":"https:\/\/api.w.org\/{rel}","templated":true}]}}