{"id":2111,"date":"2019-08-30T13:40:12","date_gmt":"2019-08-30T16:40:12","guid":{"rendered":"http:\/\/www.santaritadopassaquatro.sp.gov.br\/portal\/?p=2111"},"modified":"2019-08-30T13:40:12","modified_gmt":"2019-08-30T16:40:12","slug":"humor-com-casa-cheia-stand-up-de-andre-massa-beneficia-mais-uma-entidade-de-santa-rita","status":"publish","type":"post","link":"https:\/\/www.santaritadopassaquatro.sp.gov.br\/portal\/humor-com-casa-cheia-stand-up-de-andre-massa-beneficia-mais-uma-entidade-de-santa-rita\/","title":{"rendered":"HUMOR:\u00a0Com casa cheia, Stand up de Andr\u00e9 Massa beneficia mais uma entidade de Santa Rita"},"content":{"rendered":"<p><strong><em>Atra\u00e7\u00e3o no Centro Cultural Mario Covas arrecadou produtos de limpeza em prol da Abevec<\/em><\/strong><\/p>\n<p>&nbsp;<\/p>\n<figure id=\"attachment_2113\" aria-describedby=\"caption-attachment-2113\" style=\"width: 300px\" class=\"wp-caption alignleft\"><img decoding=\"async\" class=\"wp-image-2113 size-medium\" src=\"http:\/\/www.santaritadopassaquatro.sp.gov.br\/portal\/wp-content\/uploads\/2019\/08\/Andre_Massa_Abevec04-300x200.jpg\" alt=\"\" width=\"300\" height=\"200\" srcset=\"https:\/\/www.santaritadopassaquatro.sp.gov.br\/portal\/wp-content\/uploads\/2019\/08\/Andre_Massa_Abevec04-300x200.jpg 300w, https:\/\/www.santaritadopassaquatro.sp.gov.br\/portal\/wp-content\/uploads\/2019\/08\/Andre_Massa_Abevec04-768x512.jpg 768w, https:\/\/www.santaritadopassaquatro.sp.gov.br\/portal\/wp-content\/uploads\/2019\/08\/Andre_Massa_Abevec04-1024x683.jpg 1024w\" sizes=\"(max-width: 300px) 100vw, 300px\" \/><figcaption id=\"caption-attachment-2113\" class=\"wp-caption-text\"><span style=\"font-size: 8pt; color: #999999;\"><em><strong>Andr\u00e9 Massa, com a vice-prefeita, diretoria da Abevec durante entrega do produto arrecadado (AssCom\/Divulga\u00e7\u00e3o)<\/strong><\/em><\/span><\/figcaption><\/figure>\n<p>Com mais um sucesso de p\u00fablico, a com\u00e9dia <em>stand up<\/em> \u201cComediologia\u201d, de Andr\u00e9 Massa, passou novamente por Santa Rita do Passa Quatro, no \u00faltimo dia 16 de agosto, sexta-feira, beneficiando mais uma entidade assistencial do um munic\u00edpio.<\/p>\n<p>Promovida com apoio do Departamento de Cultura e Turismo, da Prefeitura Municipal, a atra\u00e7\u00e3o, recebeu mais de 250 pessoas, preenchendo completamente as depend\u00eancias do Centro Cultural M\u00e1rio Covas.<\/p>\n<p>Os ingressos foram trocados por produtos de limpeza, que foram totalmente destinados \u00e0 Abevec (Associa\u00e7\u00e3o Beneficente e Educacional Vida em Cristo). A entrega aconteceu no mesmo dia, com a presen\u00e7a do artista, da diretoria da entidade e da vice-prefeita Maria Rita Mondin de Oliveira.<\/p>\n<figure id=\"attachment_2112\" aria-describedby=\"caption-attachment-2112\" style=\"width: 300px\" class=\"wp-caption alignright\"><img decoding=\"async\" class=\"wp-image-2112 size-medium\" src=\"http:\/\/www.santaritadopassaquatro.sp.gov.br\/portal\/wp-content\/uploads\/2019\/08\/Andr\u00e9-Massa_mario_covas-300x225.jpeg\" alt=\"\" width=\"300\" height=\"225\" srcset=\"https:\/\/www.santaritadopassaquatro.sp.gov.br\/portal\/wp-content\/uploads\/2019\/08\/Andr\u00e9-Massa_mario_covas-300x225.jpeg 300w, https:\/\/www.santaritadopassaquatro.sp.gov.br\/portal\/wp-content\/uploads\/2019\/08\/Andr\u00e9-Massa_mario_covas-768x576.jpeg 768w, https:\/\/www.santaritadopassaquatro.sp.gov.br\/portal\/wp-content\/uploads\/2019\/08\/Andr\u00e9-Massa_mario_covas-1024x768.jpeg 1024w, https:\/\/www.santaritadopassaquatro.sp.gov.br\/portal\/wp-content\/uploads\/2019\/08\/Andr\u00e9-Massa_mario_covas.jpeg 1280w\" sizes=\"(max-width: 300px) 100vw, 300px\" \/><figcaption id=\"caption-attachment-2112\" class=\"wp-caption-text\"><span style=\"font-size: 8pt; color: #999999;\"><em><strong>O p\u00fablico tomou conta do Centro Cultural Mario Covas, durante o espet\u00e1culo Comediologia (Divulga\u00e7\u00e3o)<\/strong><\/em><\/span><\/figcaption><\/figure>\n<p>Esta foi a quarta vez que comediante se apresentou em Santa Rita. AS outras aconteceram em agosto e outubro do ano passado e em mar\u00e7o deste ano, com arrecada\u00e7\u00f5es foram destinados ao Lar S\u00e3o Vicente de Paulo (Asilo).<\/p>\n<p>Andr\u00e9 Massa j\u00e1 soma mais de 90 mil seguidores em suas redes sociais e 300 mil visualiza\u00e7\u00f5es de v\u00eddeos no facebook. Hoje, o ator \u00e9 considerado uma das revela\u00e7\u00f5es do humor brasileiro. J\u00e1 passou por grandes r\u00e1dios e se consolida cada vez mais como apresentador no SBT de Ribeir\u00e3o Preto.<\/p>\n<p>&nbsp;<\/p>\n<p>&nbsp;<\/p>\n<p><strong>\u00a0<\/strong><\/p>\n<p>&nbsp;<\/p>\n<p><strong>\u00a0<\/strong><\/p>\n<p>&nbsp;<\/p>\n<p>&nbsp;<\/p>\n<p>&nbsp;<\/p>\n","protected":false},"excerpt":{"rendered":"<p>Atra\u00e7\u00e3o no Centro Cultural Mario Covas arrecadou produtos de limpeza em prol da Abevec &nbsp; Com mais um sucesso de<\/p>\n","protected":false},"author":1,"featured_media":2113,"comment_status":"closed","ping_status":"open","sticky":false,"template":"","format":"standard","meta":{"footnotes":""},"categories":[43,46],"tags":[],"class_list":["post-2111","post","type-post","status-publish","format-standard","has-post-thumbnail","hentry","category-assistenciasocial","category-cultura"],"_links":{"self":[{"href":"https:\/\/www.santaritadopassaquatro.sp.gov.br\/portal\/wp-json\/wp\/v2\/posts\/2111","targetHints":{"allow":["GET"]}}],"collection":[{"href":"https:\/\/www.santaritadopassaquatro.sp.gov.br\/portal\/wp-json\/wp\/v2\/posts"}],"about":[{"href":"https:\/\/www.santaritadopassaquatro.sp.gov.br\/portal\/wp-json\/wp\/v2\/types\/post"}],"author":[{"embeddable":true,"href":"https:\/\/www.santaritadopassaquatro.sp.gov.br\/portal\/wp-json\/wp\/v2\/users\/1"}],"replies":[{"embeddable":true,"href":"https:\/\/www.santaritadopassaquatro.sp.gov.br\/portal\/wp-json\/wp\/v2\/comments?post=2111"}],"version-history":[{"count":0,"href":"https:\/\/www.santaritadopassaquatro.sp.gov.br\/portal\/wp-json\/wp\/v2\/posts\/2111\/revisions"}],"wp:featuredmedia":[{"embeddable":true,"href":"https:\/\/www.santaritadopassaquatro.sp.gov.br\/portal\/wp-json\/wp\/v2\/media\/2113"}],"wp:attachment":[{"href":"https:\/\/www.santaritadopassaquatro.sp.gov.br\/portal\/wp-json\/wp\/v2\/media?parent=2111"}],"wp:term":[{"taxonomy":"category","embeddable":true,"href":"https:\/\/www.santaritadopassaquatro.sp.gov.br\/portal\/wp-json\/wp\/v2\/categories?post=2111"},{"taxonomy":"post_tag","embeddable":true,"href":"https:\/\/www.santaritadopassaquatro.sp.gov.br\/portal\/wp-json\/wp\/v2\/tags?post=2111"}],"curies":[{"name":"wp","href":"https:\/\/api.w.org\/{rel}","templated":true}]}}