{"id":2115,"date":"2019-08-30T13:44:14","date_gmt":"2019-08-30T16:44:14","guid":{"rendered":"http:\/\/www.santaritadopassaquatro.sp.gov.br\/portal\/?p=2115"},"modified":"2019-08-30T13:44:14","modified_gmt":"2019-08-30T16:44:14","slug":"futebol-dez-equipes-irao-disputar-o-campeonato-varzeano-fernando-zuliani-filho-2019","status":"publish","type":"post","link":"https:\/\/www.santaritadopassaquatro.sp.gov.br\/portal\/futebol-dez-equipes-irao-disputar-o-campeonato-varzeano-fernando-zuliani-filho-2019\/","title":{"rendered":"FUTEBOL:\u00a0Dez equipes ir\u00e3o disputar o Campeonato Varzeano Fernando Zuliani Filho 2019  \u00a0"},"content":{"rendered":"<p>&nbsp;<\/p>\n<p><strong><em>Promovida pelo Departamento Municipal de Esportes, competi\u00e7\u00e3o come\u00e7a no pr\u00f3ximo dia 8 de setembro; confira as chaves<\/em><\/strong><\/p>\n<p>&nbsp;<\/p>\n<p><img decoding=\"async\" class=\"alignnone size-medium wp-image-2117 alignleft\" src=\"http:\/\/www.santaritadopassaquatro.sp.gov.br\/portal\/wp-content\/uploads\/2019\/08\/reuniao_varzeano-300x169.jpg\" alt=\"\" width=\"300\" height=\"169\" srcset=\"https:\/\/www.santaritadopassaquatro.sp.gov.br\/portal\/wp-content\/uploads\/2019\/08\/reuniao_varzeano-300x169.jpg 300w, https:\/\/www.santaritadopassaquatro.sp.gov.br\/portal\/wp-content\/uploads\/2019\/08\/reuniao_varzeano-768x432.jpg 768w, https:\/\/www.santaritadopassaquatro.sp.gov.br\/portal\/wp-content\/uploads\/2019\/08\/reuniao_varzeano.jpg 960w\" sizes=\"(max-width: 300px) 100vw, 300px\" \/>A partir da pr\u00f3xima semana, as equipes inscritas come\u00e7am a entrar em campa para a disputada da edi\u00e7\u00e3o 2019 do Campeonato Municipal de Futebol Varzeano de Santa Rita do Passa Quatro, que este ano recebeu o nome de Fernando Zuliani Filho, em homenagem ao grande esportista santa-ritense.<\/p>\n<p>Na \u00faltima segunda (26\/08), na Quadra Municipal Professor Oscar de Oliveira Alves, aconteceu a reuni\u00e3o administrativa da competi\u00e7\u00e3o, com representantes das 10 equipes participar\u00e3o do campeonato.<\/p>\n<p>Os times foram divididos em dois grupos na fase classificat\u00f3ria. Na sequ\u00eancia, os dois primeiros colocados de cada grupo, seguem para as disputas as semifinais. No grupo A est\u00e3o: Disk Limp, AASR, Copasa\/Imapro e Nova Gera\u00e7\u00e3o F.C. O grupo B \u00e9 formado por: Copasa\/G\u00ea Esportes, Primos F.C., G.E. Estrelense, Bem Amigos F.C. e Keka F.C.<\/p>\n<p>A competi\u00e7\u00e3o come\u00e7a no pr\u00f3ximo dia 8 de setembro, domingo, \u00e0s 10 horas, no Est\u00e1dio Alciro Ribeiro Meireles (Cinel\u00e2ndia), com a solenidade de abertura e em seguida a primeira partida entre Copasa\/Imapro X AASR.<\/p>\n<p>Promovida pelo Departamento Municipal de Esportes (DME) a competi\u00e7\u00e3o mais tradicional do futebol amador do munic\u00edpio, nos pr\u00f3ximos meses, ir\u00e1 movimentar os est\u00e1dios Alcides de Freitas (Galo da Comarca), Dr. Alcides Ribeiro Meirelles (Cinel\u00e2ndia) e J\u00falio Gon\u00e7alves de Campos (Santa Cruz da Estrela) e Jos\u00e9 Pereira da Silva (AASR).<\/p>\n<p>&nbsp;<\/p>\n<p><strong>SERVI\u00c7O<br \/>\nCAMPEONATO MUNICIPAL DE FUTEBOL VARZEANO 2019<br \/>\nSOLENIDADE DE ABERTURA<\/strong><br \/>\n<strong>DATA:<\/strong> 8 de setembro de 2019.<br \/>\n<strong>HOR\u00c1RIO:<\/strong> 10 horas.<br \/>\n<strong>LOCAL:<\/strong> Est\u00e1dio Alciro Ribeiro Meireles (Cinel\u00e2ndia).<br \/>\n<strong>ENTRADA FRANCA<\/strong><\/p>\n","protected":false},"excerpt":{"rendered":"<p>&nbsp; Promovida pelo Departamento Municipal de Esportes, competi\u00e7\u00e3o come\u00e7a no pr\u00f3ximo dia 8 de setembro; confira as chaves &nbsp; A<\/p>\n","protected":false},"author":1,"featured_media":2117,"comment_status":"closed","ping_status":"open","sticky":false,"template":"","format":"standard","meta":{"footnotes":""},"categories":[51],"tags":[],"class_list":["post-2115","post","type-post","status-publish","format-standard","has-post-thumbnail","hentry","category-sports"],"_links":{"self":[{"href":"https:\/\/www.santaritadopassaquatro.sp.gov.br\/portal\/wp-json\/wp\/v2\/posts\/2115","targetHints":{"allow":["GET"]}}],"collection":[{"href":"https:\/\/www.santaritadopassaquatro.sp.gov.br\/portal\/wp-json\/wp\/v2\/posts"}],"about":[{"href":"https:\/\/www.santaritadopassaquatro.sp.gov.br\/portal\/wp-json\/wp\/v2\/types\/post"}],"author":[{"embeddable":true,"href":"https:\/\/www.santaritadopassaquatro.sp.gov.br\/portal\/wp-json\/wp\/v2\/users\/1"}],"replies":[{"embeddable":true,"href":"https:\/\/www.santaritadopassaquatro.sp.gov.br\/portal\/wp-json\/wp\/v2\/comments?post=2115"}],"version-history":[{"count":0,"href":"https:\/\/www.santaritadopassaquatro.sp.gov.br\/portal\/wp-json\/wp\/v2\/posts\/2115\/revisions"}],"wp:featuredmedia":[{"embeddable":true,"href":"https:\/\/www.santaritadopassaquatro.sp.gov.br\/portal\/wp-json\/wp\/v2\/media\/2117"}],"wp:attachment":[{"href":"https:\/\/www.santaritadopassaquatro.sp.gov.br\/portal\/wp-json\/wp\/v2\/media?parent=2115"}],"wp:term":[{"taxonomy":"category","embeddable":true,"href":"https:\/\/www.santaritadopassaquatro.sp.gov.br\/portal\/wp-json\/wp\/v2\/categories?post=2115"},{"taxonomy":"post_tag","embeddable":true,"href":"https:\/\/www.santaritadopassaquatro.sp.gov.br\/portal\/wp-json\/wp\/v2\/tags?post=2115"}],"curies":[{"name":"wp","href":"https:\/\/api.w.org\/{rel}","templated":true}]}}