{"id":2122,"date":"2019-08-30T14:00:58","date_gmt":"2019-08-30T17:00:58","guid":{"rendered":"http:\/\/www.santaritadopassaquatro.sp.gov.br\/portal\/?p=2122"},"modified":"2019-08-30T14:00:58","modified_gmt":"2019-08-30T17:00:58","slug":"58o-festival-zequinha-de-abreu-tem-programacao-definida-confira-as-atracoes","status":"publish","type":"post","link":"https:\/\/www.santaritadopassaquatro.sp.gov.br\/portal\/58o-festival-zequinha-de-abreu-tem-programacao-definida-confira-as-atracoes\/","title":{"rendered":"58\u00ba Festival Zequinha de Abreu tem programa\u00e7\u00e3o definida; confira as atra\u00e7\u00f5es"},"content":{"rendered":"<p><strong><em>Evento acontece de 18 a 22 de setembro, na semana anivers\u00e1rio do compositor homenageado, logo ap\u00f3s a Feira do Com\u00e9rcio<\/em><\/strong><\/p>\n<p><strong><em>\u00a0<\/em><\/strong><\/p>\n<figure id=\"attachment_2123\" aria-describedby=\"caption-attachment-2123\" style=\"width: 300px\" class=\"wp-caption alignleft\"><img decoding=\"async\" class=\"wp-image-2123 size-medium\" src=\"http:\/\/www.santaritadopassaquatro.sp.gov.br\/portal\/wp-content\/uploads\/2019\/08\/Fest_Zeq_Abr2015_agua_vintem01-300x200.jpg\" alt=\"\" width=\"300\" height=\"200\" srcset=\"https:\/\/www.santaritadopassaquatro.sp.gov.br\/portal\/wp-content\/uploads\/2019\/08\/Fest_Zeq_Abr2015_agua_vintem01-300x200.jpg 300w, https:\/\/www.santaritadopassaquatro.sp.gov.br\/portal\/wp-content\/uploads\/2019\/08\/Fest_Zeq_Abr2015_agua_vintem01-768x511.jpg 768w, https:\/\/www.santaritadopassaquatro.sp.gov.br\/portal\/wp-content\/uploads\/2019\/08\/Fest_Zeq_Abr2015_agua_vintem01-1024x681.jpg 1024w, https:\/\/www.santaritadopassaquatro.sp.gov.br\/portal\/wp-content\/uploads\/2019\/08\/Fest_Zeq_Abr2015_agua_vintem01.jpg 1936w\" sizes=\"(max-width: 300px) 100vw, 300px\" \/><figcaption id=\"caption-attachment-2123\" class=\"wp-caption-text\"><span style=\"font-size: 8pt;\"><em><span style=\"color: #999999;\"><strong>O grupo de choro \u00c1gua de Vint\u00e9m, um doas mais importantes do pa\u00eds, estar\u00e1 de volta no\u00a0 58\u00ba Festival Zequinha de Abreu (Arquivo\/AssCom\/Divulga\u00e7\u00e3o)<\/strong><\/span><\/em><\/span><\/figcaption><\/figure>\n<p>Departamento de Cultura de Turismo, da Prefeitura Municipal de Santa Rita do Passa Quatro, definiu a programa\u00e7\u00e3o da 58\u00aa edi\u00e7\u00e3o do Festival Zequinha de Abreu, evento em homenagem ao compositor santa-ritense Jos\u00e9 Gomes de Abreu, autor de \u201cTico-tico no Fub\u00e1\u201d, a m\u00fasica brasileira mais executada no mundo.<\/p>\n<p>O evento, que ir\u00e1 reunir atra\u00e7\u00f5es diversas entre homenagens e apresenta\u00e7\u00f5es musicais, est\u00e1 programado para acontecer de 18 a 22 de setembro, semana de anivers\u00e1rio do homenageado.<\/p>\n<p>A programa\u00e7\u00e3o do 58\u00ba Festival Zequinha de Abreu ir\u00e1 contar com atra\u00e7\u00f5es como o Projeto Choro da Casa e consagrado grupo \u00c1gua de Vint\u00e9m, um dos principais conjuntos de choro da atualidade no Brasil, que volta \u00e0 Santa Rita ap\u00f3s uma memor\u00e1vel apresenta\u00e7\u00e3o no evento em 2015.<\/p>\n<p>Tamb\u00e9m entre as atra\u00e7\u00f5es, est\u00e1 a homenagem no busto do compositor, exatamente da data do seu nascimento, 19 de setembro, e os tradicionais concurso e desfile de bandas e fanfarras, nos dias 21 e 22 de setembro, s\u00e1bado e domingo, com a etapa do 16\u00ba Campeonato Estadual de Fanfarras e Bandas, o Paulist\u00e3o, promovido pela Federa\u00e7\u00e3o das Fanfarras e Bandas do Estado de S\u00e3o Paulo (Ffabesp).<\/p>\n<p>Confira a programa\u00e7\u00e3o completa, a seguir.<\/p>\n<p><strong>\u00a0<\/strong><\/p>\n<p><strong>O HOMENAGEADO <\/strong><\/p>\n<p>Reconhecido internacionalmente por composi\u00e7\u00f5es como \u201cTico-tico no Fub\u00e1\u201d, imortalizada por Carmen Miranda, em uma produ\u00e7\u00e3o dos est\u00fadios Disney, Zequinha de Abreu nasceu em Santa Rita do Passa Quatro, em 19 de setembro de 1880, e faleceu em S\u00e3o Paulo, no dia 22 de Janeiro de 1935.<\/p>\n<p><strong>\u00a0<\/strong><\/p>\n<p><strong>58\u00ba FESTIVAL ZEQUINHA DE ABREU <\/strong><\/p>\n<p><strong>PROGRAMA\u00c7\u00c3O<\/strong><\/p>\n<p><strong>18\/09 &#8211; QUARTA-FEIRA<br \/>\n20 horas: <\/strong>Projeto Choro da Casa e Convidados \u2013 Caio de Souza e Mateus Marques.<strong><br \/>\nLocal: <\/strong>Pra\u00e7a Poeta M\u00e1rio Mattoso (Esta\u00e7\u00e3o).<\/p>\n<p><strong>19\/09 &#8211; QUINTA-FEIRA<br \/>\n9 horas: <\/strong>Homenagem no busto.<br \/>\n<strong>Local: <\/strong>Pra\u00e7a Zequinha de Abreu (Matriz).<br \/>\n<strong>19h30: <\/strong>Banda Zequinha de Abreu e Coral Prof. Oct\u00e1vio Bueno de Camargo.<br \/>\n<strong>Local: <\/strong>Pra\u00e7a Poeta M\u00e1rio Mattoso (Esta\u00e7\u00e3o).<\/p>\n<p><strong>20\/09 &#8211; SEXTA-FEIRA<br \/>\n19h30: <\/strong>Filhos da Cidade.<strong><br \/>\n21 horas: <\/strong>Conjunto \u00c1gua de Vint\u00e9m.<strong><br \/>\nLocal: <\/strong>Pra\u00e7a Poeta M\u00e1rio Mattoso (Esta\u00e7\u00e3o).<\/p>\n<p><strong>21\/09 &#8211; S\u00c1BADO<br \/>\n19H30: <\/strong>Concerto de Bandas Musicais e 16\u00ba Paulist\u00e3o de Bandas e Fanfarras.<strong><br \/>\nLocal: <\/strong>Pra\u00e7a Poeta M\u00e1rio Mattoso (Esta\u00e7\u00e3o)<\/p>\n<p><strong>22\/09 &#8211; DOMINGO<br \/>\n8 horas: <\/strong>16\u00ba Paulist\u00e3o de Bandas e Fanfarras.<br \/>\n<strong>Local: <\/strong>Pra\u00e7a Poeta M\u00e1rio Mattoso (Esta\u00e7\u00e3o).<br \/>\n<strong>16 horas: <\/strong>Desfile de bandas e fanfarras.<br \/>\n<strong>Local: <\/strong>Av. Severino Meirelles.<\/p>\n<p><strong>\u00a0<\/strong><\/p>\n<p>&nbsp;<\/p>\n<p>&nbsp;<\/p>\n<p>&nbsp;<\/p>\n","protected":false},"excerpt":{"rendered":"<p>Evento acontece de 18 a 22 de setembro, na semana anivers\u00e1rio do compositor homenageado, logo ap\u00f3s a Feira do Com\u00e9rcio<\/p>\n","protected":false},"author":1,"featured_media":2124,"comment_status":"closed","ping_status":"open","sticky":false,"template":"","format":"standard","meta":{"footnotes":""},"categories":[46,52,60],"tags":[],"class_list":["post-2122","post","type-post","status-publish","format-standard","has-post-thumbnail","hentry","category-cultura","category-latest","category-turismo"],"_links":{"self":[{"href":"https:\/\/www.santaritadopassaquatro.sp.gov.br\/portal\/wp-json\/wp\/v2\/posts\/2122","targetHints":{"allow":["GET"]}}],"collection":[{"href":"https:\/\/www.santaritadopassaquatro.sp.gov.br\/portal\/wp-json\/wp\/v2\/posts"}],"about":[{"href":"https:\/\/www.santaritadopassaquatro.sp.gov.br\/portal\/wp-json\/wp\/v2\/types\/post"}],"author":[{"embeddable":true,"href":"https:\/\/www.santaritadopassaquatro.sp.gov.br\/portal\/wp-json\/wp\/v2\/users\/1"}],"replies":[{"embeddable":true,"href":"https:\/\/www.santaritadopassaquatro.sp.gov.br\/portal\/wp-json\/wp\/v2\/comments?post=2122"}],"version-history":[{"count":0,"href":"https:\/\/www.santaritadopassaquatro.sp.gov.br\/portal\/wp-json\/wp\/v2\/posts\/2122\/revisions"}],"wp:featuredmedia":[{"embeddable":true,"href":"https:\/\/www.santaritadopassaquatro.sp.gov.br\/portal\/wp-json\/wp\/v2\/media\/2124"}],"wp:attachment":[{"href":"https:\/\/www.santaritadopassaquatro.sp.gov.br\/portal\/wp-json\/wp\/v2\/media?parent=2122"}],"wp:term":[{"taxonomy":"category","embeddable":true,"href":"https:\/\/www.santaritadopassaquatro.sp.gov.br\/portal\/wp-json\/wp\/v2\/categories?post=2122"},{"taxonomy":"post_tag","embeddable":true,"href":"https:\/\/www.santaritadopassaquatro.sp.gov.br\/portal\/wp-json\/wp\/v2\/tags?post=2122"}],"curies":[{"name":"wp","href":"https:\/\/api.w.org\/{rel}","templated":true}]}}