{"id":2130,"date":"2019-08-30T14:07:48","date_gmt":"2019-08-30T17:07:48","guid":{"rendered":"http:\/\/www.santaritadopassaquatro.sp.gov.br\/portal\/?p=2130"},"modified":"2019-08-30T14:07:48","modified_gmt":"2019-08-30T17:07:48","slug":"sarampo-confira-os-horarios-e-locais-para-vacinacao-contra-o-sarampo","status":"publish","type":"post","link":"https:\/\/www.santaritadopassaquatro.sp.gov.br\/portal\/sarampo-confira-os-horarios-e-locais-para-vacinacao-contra-o-sarampo\/","title":{"rendered":"\u00a0SARAMPO:\u00a0Confira os hor\u00e1rios e locais para vacina\u00e7\u00e3o contra o sarampo  \u00a0"},"content":{"rendered":"<p><strong><em><img decoding=\"async\" class=\"alignnone size-medium wp-image-2004 alignleft\" src=\"http:\/\/www.santaritadopassaquatro.sp.gov.br\/portal\/wp-content\/uploads\/2019\/08\/sarampo-300x198.jpg\" alt=\"\" width=\"300\" height=\"198\" srcset=\"https:\/\/www.santaritadopassaquatro.sp.gov.br\/portal\/wp-content\/uploads\/2019\/08\/sarampo-300x198.jpg 300w, https:\/\/www.santaritadopassaquatro.sp.gov.br\/portal\/wp-content\/uploads\/2019\/08\/sarampo.jpg 452w\" sizes=\"(max-width: 300px) 100vw, 300px\" \/><\/em><\/strong><\/p>\n<p><strong><em>Mesmo sem casos na cidade, Sa\u00fade alerta sobre a necessidade de imuniza\u00e7\u00e3o; quem nunca tomou a vacina deve procurar pelo Centro de Sa\u00fade e PAS do CAIC <\/em><\/strong><\/p>\n<p>&nbsp;<\/p>\n<p>O Departamento Municipal de Sa\u00fade de Santa Rita do Passa Quatro faz um alerta \u00e0 popula\u00e7\u00e3o sobre a necessidade de atualizar o calend\u00e1rio de vacina\u00e7\u00e3o, especialmente contra o sarampo. O munic\u00edpio ainda n\u00e3o possui caso da doen\u00e7a, por\u00e9m \u00e9 necess\u00e1rio que a popula\u00e7\u00e3o fique em alerta e quem nunca tomou a vacina deve ser imunizado.<\/p>\n<p>A vacina\u00e7\u00e3o ocorre no Centro de Sa\u00fade II e no PAS-CAIC \u00e0s ter\u00e7as e quintas-feiras, apenas no per\u00edodo da manh\u00e3, no hor\u00e1rio das 8h \u00e0s 11h.<\/p>\n<p>Nascidos a partir de 1960 devem tomar a dose \u00fanica da vacina. Para pessoas at\u00e9 29 anos, s\u00e3o aplicadas duas doses.<\/p>\n<p>O Minist\u00e9rio da Sa\u00fade, anunciou a distribui\u00e7\u00e3o de mais de 16 milh\u00f5es de doses da vacina tr\u00edplice viral, que protege contra sarampo, caxumba e rub\u00e9ola, para todo o pa\u00eds. Do total, 6,5 milh\u00f5es foram destinadas aos munic\u00edpios paulistas.<\/p>\n<p>As vacinas enviadas atendem \u00e0 imuniza\u00e7\u00e3o de rotina prevista no Calend\u00e1rio Nacional de Vacina\u00e7\u00e3o e \u00e0s situa\u00e7\u00f5es de surto de sarampo. O minist\u00e9rio destaca que a vacina \u00e9 o principal meio de preven\u00e7\u00e3o de sarampo, caxumba e rub\u00e9ola.<\/p>\n<p>&nbsp;<\/p>\n<p><strong>SERVI\u00c7O<br \/>\nVACINA\u00c7\u00c3O SARAMPO, CAXUMBA E RUB\u00c9OLA<br \/>\nLOCAIS: <\/strong>Centro de Sa\u00fade II e\u00a0PAS CAIC.<br \/>\n<strong>DIAS E HOR\u00c1RIOS: <\/strong>ter\u00e7as e quintas-feiras, das 8h \u00e0s 11 horas.<strong><br \/>\nP\u00fablico alvo: <\/strong>quem nunca tomou a vacina.<\/p>\n","protected":false},"excerpt":{"rendered":"<p>Mesmo sem casos na cidade, Sa\u00fade alerta sobre a necessidade de imuniza\u00e7\u00e3o; quem nunca tomou a vacina deve procurar pelo<\/p>\n","protected":false},"author":1,"featured_media":2004,"comment_status":"closed","ping_status":"open","sticky":false,"template":"","format":"standard","meta":{"footnotes":""},"categories":[48,58],"tags":[],"class_list":["post-2130","post","type-post","status-publish","format-standard","has-post-thumbnail","hentry","category-featured","category-health"],"_links":{"self":[{"href":"https:\/\/www.santaritadopassaquatro.sp.gov.br\/portal\/wp-json\/wp\/v2\/posts\/2130","targetHints":{"allow":["GET"]}}],"collection":[{"href":"https:\/\/www.santaritadopassaquatro.sp.gov.br\/portal\/wp-json\/wp\/v2\/posts"}],"about":[{"href":"https:\/\/www.santaritadopassaquatro.sp.gov.br\/portal\/wp-json\/wp\/v2\/types\/post"}],"author":[{"embeddable":true,"href":"https:\/\/www.santaritadopassaquatro.sp.gov.br\/portal\/wp-json\/wp\/v2\/users\/1"}],"replies":[{"embeddable":true,"href":"https:\/\/www.santaritadopassaquatro.sp.gov.br\/portal\/wp-json\/wp\/v2\/comments?post=2130"}],"version-history":[{"count":0,"href":"https:\/\/www.santaritadopassaquatro.sp.gov.br\/portal\/wp-json\/wp\/v2\/posts\/2130\/revisions"}],"wp:featuredmedia":[{"embeddable":true,"href":"https:\/\/www.santaritadopassaquatro.sp.gov.br\/portal\/wp-json\/wp\/v2\/media\/2004"}],"wp:attachment":[{"href":"https:\/\/www.santaritadopassaquatro.sp.gov.br\/portal\/wp-json\/wp\/v2\/media?parent=2130"}],"wp:term":[{"taxonomy":"category","embeddable":true,"href":"https:\/\/www.santaritadopassaquatro.sp.gov.br\/portal\/wp-json\/wp\/v2\/categories?post=2130"},{"taxonomy":"post_tag","embeddable":true,"href":"https:\/\/www.santaritadopassaquatro.sp.gov.br\/portal\/wp-json\/wp\/v2\/tags?post=2130"}],"curies":[{"name":"wp","href":"https:\/\/api.w.org\/{rel}","templated":true}]}}