{"id":2132,"date":"2019-08-30T14:10:18","date_gmt":"2019-08-30T17:10:18","guid":{"rendered":"http:\/\/www.santaritadopassaquatro.sp.gov.br\/portal\/?p=2132"},"modified":"2019-08-30T14:10:18","modified_gmt":"2019-08-30T17:10:18","slug":"departamento-de-educacao-divulga-prazo-de-matriculas-iniciais-para-2020","status":"publish","type":"post","link":"https:\/\/www.santaritadopassaquatro.sp.gov.br\/portal\/departamento-de-educacao-divulga-prazo-de-matriculas-iniciais-para-2020\/","title":{"rendered":"Departamento de Educa\u00e7\u00e3o divulga prazo de matr\u00edculas iniciais para 2020"},"content":{"rendered":"<p><strong><em>Pais ou respons\u00e1veis de crian\u00e7as com idade de 4 anos t\u00eam at\u00e9 o dia 20 de setembro para efetuar as matr\u00edculas no Ensino Infantil<\/em><\/strong><\/p>\n<p><strong><em>\u00a0<\/em><\/strong><\/p>\n<p><img decoding=\"async\" class=\"alignnone size-medium wp-image-488 alignleft\" src=\"http:\/\/www.santaritadopassaquatro.sp.gov.br\/portal\/wp-content\/uploads\/2019\/01\/volta_aulas_1_w-300x225.jpg\" alt=\"\" width=\"300\" height=\"225\" srcset=\"https:\/\/www.santaritadopassaquatro.sp.gov.br\/portal\/wp-content\/uploads\/2019\/01\/volta_aulas_1_w-300x225.jpg 300w, https:\/\/www.santaritadopassaquatro.sp.gov.br\/portal\/wp-content\/uploads\/2019\/01\/volta_aulas_1_w-768x576.jpg 768w, https:\/\/www.santaritadopassaquatro.sp.gov.br\/portal\/wp-content\/uploads\/2019\/01\/volta_aulas_1_w-1024x768.jpg 1024w\" sizes=\"(max-width: 300px) 100vw, 300px\" \/>O Departamento de Educa\u00e7\u00e3o de Santa Rita do Passa Quatro inicia no pr\u00f3ximo dia 10 de setembro, ter\u00e7a-feira, o per\u00edodo de matr\u00edculas iniciais (para novos alunos) nas EMEIs (Ensino Infantil), na rede municipal de ensino, para o ano letivo de 2020.<\/p>\n<p>Pais ou respons\u00e1veis de crian\u00e7as com idade de 4 anos (completos ou a completar at\u00e9 31 de mar\u00e7o de 2020) t\u00eam at\u00e9 o dia 20 de setembro, sexta-feira, para procurar o Departamento Municipal de Educa\u00e7\u00e3o ou uma das escolas mais pr\u00f3ximas da resid\u00eancia.<\/p>\n<p>Para matr\u00edculas iniciais para Educa\u00e7\u00e3o Infantil (EMEIs), Jardim I, as matr\u00edculas devem ser feitas no Departamento de Educa\u00e7\u00e3o, no que fica na Av. Severino Meirelles, n\u00ba 1230, Centro (ao lado da Galeria Vitrine), no hor\u00e1rio das 7h30 \u00e0s 10h30 e das 13h30 \u00e0s 15h30, de segunda a sexta-feira.<\/p>\n<p>Os documentos necess\u00e1rios para as matr\u00edculas s\u00e3o: c\u00f3pias do RG e CPF dos pais ou respons\u00e1veis; certid\u00e3o de nascimento; comprovante de resid\u00eancia; cart\u00e3o Bolsa Fam\u00edlia; cart\u00e3o do SUS; atestado de vacina\u00e7\u00e3o (retirar no Posto de Sa\u00fade mediante apresenta\u00e7\u00e3o da Carteira de Vacina\u00e7\u00e3o); declara\u00e7\u00e3o de trabalho dos pais (caso haja interesse no per\u00edodo integral).<\/p>\n<p>O Departamento de Educa\u00e7\u00e3o informa que a crian\u00e7a dever\u00e1 ser matriculada na escola mais pr\u00f3xima de sua resid\u00eancia (confira a seguir).<\/p>\n<p>&nbsp;<\/p>\n<p><strong>Escolas Municipais de Ensino Infantil (EMEI)<\/strong><\/p>\n<ul>\n<li>EMEI Prof\u00aa Galdina Lima Segatto &#8211; Av. Prof\u00ba Jos\u00e9 Gonso, s\/n \u2013 Vila Mello<\/li>\n<li>EMEI Maria Am\u00e9lia Vanzella de Gobbi &#8211; Rua General Oz\u00f3rio, 758 \u2013 Botafogo<\/li>\n<li>EMEI Jo\u00e3o Prud\u00eancio Ribeiro &#8211; Distrito de Santa Cruz da Estrela<\/li>\n<li>EMEI Jo\u00e3o Batista Rodrigues Ribaldo &#8211; Rua Luiz Fonseca de Souza Meirelles, s\/n \u2013 Jd Alvorada<\/li>\n<\/ul>\n<p>&nbsp;<\/p>\n","protected":false},"excerpt":{"rendered":"<p>Pais ou respons\u00e1veis de crian\u00e7as com idade de 4 anos t\u00eam at\u00e9 o dia 20 de setembro para efetuar as<\/p>\n","protected":false},"author":1,"featured_media":488,"comment_status":"closed","ping_status":"open","sticky":false,"template":"","format":"standard","meta":{"footnotes":""},"categories":[48,28],"tags":[],"class_list":["post-2132","post","type-post","status-publish","format-standard","has-post-thumbnail","hentry","category-featured","category-educacao"],"_links":{"self":[{"href":"https:\/\/www.santaritadopassaquatro.sp.gov.br\/portal\/wp-json\/wp\/v2\/posts\/2132","targetHints":{"allow":["GET"]}}],"collection":[{"href":"https:\/\/www.santaritadopassaquatro.sp.gov.br\/portal\/wp-json\/wp\/v2\/posts"}],"about":[{"href":"https:\/\/www.santaritadopassaquatro.sp.gov.br\/portal\/wp-json\/wp\/v2\/types\/post"}],"author":[{"embeddable":true,"href":"https:\/\/www.santaritadopassaquatro.sp.gov.br\/portal\/wp-json\/wp\/v2\/users\/1"}],"replies":[{"embeddable":true,"href":"https:\/\/www.santaritadopassaquatro.sp.gov.br\/portal\/wp-json\/wp\/v2\/comments?post=2132"}],"version-history":[{"count":1,"href":"https:\/\/www.santaritadopassaquatro.sp.gov.br\/portal\/wp-json\/wp\/v2\/posts\/2132\/revisions"}],"predecessor-version":[{"id":2133,"href":"https:\/\/www.santaritadopassaquatro.sp.gov.br\/portal\/wp-json\/wp\/v2\/posts\/2132\/revisions\/2133"}],"wp:featuredmedia":[{"embeddable":true,"href":"https:\/\/www.santaritadopassaquatro.sp.gov.br\/portal\/wp-json\/wp\/v2\/media\/488"}],"wp:attachment":[{"href":"https:\/\/www.santaritadopassaquatro.sp.gov.br\/portal\/wp-json\/wp\/v2\/media?parent=2132"}],"wp:term":[{"taxonomy":"category","embeddable":true,"href":"https:\/\/www.santaritadopassaquatro.sp.gov.br\/portal\/wp-json\/wp\/v2\/categories?post=2132"},{"taxonomy":"post_tag","embeddable":true,"href":"https:\/\/www.santaritadopassaquatro.sp.gov.br\/portal\/wp-json\/wp\/v2\/tags?post=2132"}],"curies":[{"name":"wp","href":"https:\/\/api.w.org\/{rel}","templated":true}]}}