{"id":2136,"date":"2019-08-30T14:16:33","date_gmt":"2019-08-30T17:16:33","guid":{"rendered":"http:\/\/www.santaritadopassaquatro.sp.gov.br\/portal\/?p=2136"},"modified":"2019-08-30T14:16:33","modified_gmt":"2019-08-30T17:16:33","slug":"programa-de-recapeamento-conclui-todo-jardim-primavera","status":"publish","type":"post","link":"https:\/\/www.santaritadopassaquatro.sp.gov.br\/portal\/programa-de-recapeamento-conclui-todo-jardim-primavera\/","title":{"rendered":"Programa de recapeamento conclui todo Jardim Primavera"},"content":{"rendered":"<p><strong><em>Ao todo foram mais de 15 mil metros quadrados de ruas recuperadas em todo bairro <\/em><\/strong><\/p>\n<p>&nbsp;<\/p>\n<figure id=\"attachment_2137\" aria-describedby=\"caption-attachment-2137\" style=\"width: 300px\" class=\"wp-caption alignleft\"><img decoding=\"async\" class=\"wp-image-2137 size-medium\" src=\"http:\/\/www.santaritadopassaquatro.sp.gov.br\/portal\/wp-content\/uploads\/2019\/08\/01_jd_primavera_recape1-300x200.jpg\" alt=\"\" width=\"300\" height=\"200\" srcset=\"https:\/\/www.santaritadopassaquatro.sp.gov.br\/portal\/wp-content\/uploads\/2019\/08\/01_jd_primavera_recape1-300x200.jpg 300w, https:\/\/www.santaritadopassaquatro.sp.gov.br\/portal\/wp-content\/uploads\/2019\/08\/01_jd_primavera_recape1-768x512.jpg 768w, https:\/\/www.santaritadopassaquatro.sp.gov.br\/portal\/wp-content\/uploads\/2019\/08\/01_jd_primavera_recape1-1024x683.jpg 1024w\" sizes=\"(max-width: 300px) 100vw, 300px\" \/><figcaption id=\"caption-attachment-2137\" class=\"wp-caption-text\"><span style=\"font-size: 8pt; color: #999999;\"><em><strong>O prefeito com o diretor do Departamento de Obras, Yan Lorena, e oper\u00e1rios empresa que recapeou o Jardim Primavera (AssCom\/Divulga\u00e7\u00e3o)<\/strong><\/em><\/span><\/figcaption><\/figure>\n<p>Terminou na \u00faltima segunda-feira (26\/8) o trabalho de recapeamento das ruas de mais um bairro da cidade. Desta vez foi beneficiado o Jardim Primavera, com a recupera\u00e7\u00e3o das ruas Camilo de Carvalho Os\u00f3rio, Dorvaldo Ribeiro, Domingos Lott, Augusto Rigo e Leopoldo Siqueira, cobrindo totalmente o bairro.<\/p>\n<p>Ao todo foram mais 15.136 metros quadrados de recapeamento, com investimento de R$ 508 mil, recursos do Minist\u00e9rio das Cidades, conquistados como apoio do Deputado Federal Carlos Sampaio, por solicita\u00e7\u00e3o do prefeito Leandro Luciano dos Santos e dos vereadores Lucas Comin Loureiro, Paulo Cesar Missiatto e Luiz Carlos Bariotto.<\/p>\n<p>O trabalho, que pode ser considerado o maior programa de recupera\u00e7\u00e3o de vias p\u00fablicas j\u00e1 executado no munic\u00edpio, nos \u00faltimos anos, j\u00e1 recapeou mais 360 mil metros quadrados de ruas, com investimento pr\u00f3ximo a R$ 10 milh\u00f5es.<\/p>\n<p>O programa ir\u00e1 continuar em breve com mais um bairro beneficiado. A obra j\u00e1 est\u00e1 licitada e a prefeitura aguarda a libera\u00e7\u00e3o dos recursos para in\u00edcio dos trabalhos no Jardim Alvorada.<\/p>\n<p>&nbsp;<\/p>\n<p>&nbsp;<\/p>\n<p>&nbsp;<\/p>\n<p>&nbsp;<\/p>\n<p>&nbsp;<\/p>\n","protected":false},"excerpt":{"rendered":"<p>Ao todo foram mais de 15 mil metros quadrados de ruas recuperadas em todo bairro &nbsp; Terminou na \u00faltima segunda-feira<\/p>\n","protected":false},"author":1,"featured_media":2138,"comment_status":"closed","ping_status":"open","sticky":false,"template":"","format":"standard","meta":{"footnotes":""},"categories":[44,52,55],"tags":[],"class_list":["post-2136","post","type-post","status-publish","format-standard","has-post-thumbnail","hentry","category-cidades","category-latest","category-obras"],"_links":{"self":[{"href":"https:\/\/www.santaritadopassaquatro.sp.gov.br\/portal\/wp-json\/wp\/v2\/posts\/2136","targetHints":{"allow":["GET"]}}],"collection":[{"href":"https:\/\/www.santaritadopassaquatro.sp.gov.br\/portal\/wp-json\/wp\/v2\/posts"}],"about":[{"href":"https:\/\/www.santaritadopassaquatro.sp.gov.br\/portal\/wp-json\/wp\/v2\/types\/post"}],"author":[{"embeddable":true,"href":"https:\/\/www.santaritadopassaquatro.sp.gov.br\/portal\/wp-json\/wp\/v2\/users\/1"}],"replies":[{"embeddable":true,"href":"https:\/\/www.santaritadopassaquatro.sp.gov.br\/portal\/wp-json\/wp\/v2\/comments?post=2136"}],"version-history":[{"count":0,"href":"https:\/\/www.santaritadopassaquatro.sp.gov.br\/portal\/wp-json\/wp\/v2\/posts\/2136\/revisions"}],"wp:featuredmedia":[{"embeddable":true,"href":"https:\/\/www.santaritadopassaquatro.sp.gov.br\/portal\/wp-json\/wp\/v2\/media\/2138"}],"wp:attachment":[{"href":"https:\/\/www.santaritadopassaquatro.sp.gov.br\/portal\/wp-json\/wp\/v2\/media?parent=2136"}],"wp:term":[{"taxonomy":"category","embeddable":true,"href":"https:\/\/www.santaritadopassaquatro.sp.gov.br\/portal\/wp-json\/wp\/v2\/categories?post=2136"},{"taxonomy":"post_tag","embeddable":true,"href":"https:\/\/www.santaritadopassaquatro.sp.gov.br\/portal\/wp-json\/wp\/v2\/tags?post=2136"}],"curies":[{"name":"wp","href":"https:\/\/api.w.org\/{rel}","templated":true}]}}