{"id":2141,"date":"2019-08-30T14:20:24","date_gmt":"2019-08-30T17:20:24","guid":{"rendered":"http:\/\/www.santaritadopassaquatro.sp.gov.br\/portal\/?p=2141"},"modified":"2019-08-30T14:20:24","modified_gmt":"2019-08-30T17:20:24","slug":"com-aprecesp-prefeito-busca-parceria-com-usp-para-projetos","status":"publish","type":"post","link":"https:\/\/www.santaritadopassaquatro.sp.gov.br\/portal\/com-aprecesp-prefeito-busca-parceria-com-usp-para-projetos\/","title":{"rendered":"Com Aprecesp, prefeito busca parceria com USP para projetos"},"content":{"rendered":"<p><strong><em>Reuni\u00e3o na reitoria da universidade nesta quinta-feira tratou de a\u00e7\u00f5es com envolvimento de alunos em trabalhos acad\u00eamicos<\/em><\/strong><\/p>\n<p>&nbsp;<\/p>\n<figure id=\"attachment_2142\" aria-describedby=\"caption-attachment-2142\" style=\"width: 225px\" class=\"wp-caption alignleft\"><img decoding=\"async\" class=\"wp-image-2142 size-medium\" src=\"http:\/\/www.santaritadopassaquatro.sp.gov.br\/portal\/wp-content\/uploads\/2019\/08\/aprecesp_USP-225x300.jpeg\" alt=\"\" width=\"225\" height=\"300\" srcset=\"https:\/\/www.santaritadopassaquatro.sp.gov.br\/portal\/wp-content\/uploads\/2019\/08\/aprecesp_USP-225x300.jpeg 225w, https:\/\/www.santaritadopassaquatro.sp.gov.br\/portal\/wp-content\/uploads\/2019\/08\/aprecesp_USP.jpeg 768w\" sizes=\"(max-width: 225px) 100vw, 225px\" \/><figcaption id=\"caption-attachment-2142\" class=\"wp-caption-text\"><span style=\"font-size: 8pt; color: #999999;\"><em><strong>O prefeito de Santa Rita com o vice-reitor e a diretora de Rela\u00e7\u00f5es Internacionais da USP, em S\u00e3o Paulo (Divulga\u00e7\u00e3o)<\/strong><\/em><\/span><\/figcaption><\/figure>\n<p>Buscar parcerias tem sido o objetivo da Associa\u00e7\u00e3o das Prefeituras das Cidades Est\u00e2ncias do Estado de S\u00e3o Paulo (Aprecesp). Neste sentido, o prefeito de Santa Rita do Passa Quatro, Leandro Luciano dos Santos, atual presidente da entidade que representa as 70 Est\u00e2ncias Tur\u00edsticas do Estado de S\u00e3o Paulo, participou de mais uma reuni\u00e3o em busca de mais uma importante parceria.<\/p>\n<p>Na tarde da \u00faltima quinta-feira (28\/8), acompanhado da gerente de Rela\u00e7\u00f5es Institucionais da Aprecesp, Marcia Azeredo, o prefeito esteve na sede da Reitoria da USP (Universidade de S\u00e3o Paulo), na Capital Paulista, em reuni\u00e3o com a diretora no Instituto de Rela\u00e7\u00f5es Internacionais Janina Onuki e o vice-reitor Ant\u00f4nio Carlos Hernandes.<\/p>\n<p>O motivo do encontro foi firmar uma parceria para elabora\u00e7\u00e3o de projetos, no meio acad\u00eamico, como TCC (Trabalho de Conclus\u00e3o de Curso) para alunos dos cursos como arquitetura e turismo, visando aumento da demanda de fluxo tur\u00edstico sempre estimulando a gera\u00e7\u00e3o de emprego e renda nos munic\u00edpios. \u201cCom isso, esperamos trazer o meio universit\u00e1rio como nosso parceiro no desenvolvimento do turismo no Estado de S\u00e3o Paulo e consequentemente para nossa Santa Rita\u201d, afirmou o prefeito.<\/p>\n<p><strong>\u00a0<\/strong><\/p>\n<p>&nbsp;<\/p>\n<p>&nbsp;<\/p>\n","protected":false},"excerpt":{"rendered":"<p>Reuni\u00e3o na reitoria da universidade nesta quinta-feira tratou de a\u00e7\u00f5es com envolvimento de alunos em trabalhos acad\u00eamicos &nbsp; Buscar parcerias<\/p>\n","protected":false},"author":1,"featured_media":2142,"comment_status":"closed","ping_status":"open","sticky":false,"template":"","format":"standard","meta":{"footnotes":""},"categories":[52,57,60],"tags":[],"class_list":["post-2141","post","type-post","status-publish","format-standard","has-post-thumbnail","hentry","category-latest","category-politics","category-turismo"],"_links":{"self":[{"href":"https:\/\/www.santaritadopassaquatro.sp.gov.br\/portal\/wp-json\/wp\/v2\/posts\/2141","targetHints":{"allow":["GET"]}}],"collection":[{"href":"https:\/\/www.santaritadopassaquatro.sp.gov.br\/portal\/wp-json\/wp\/v2\/posts"}],"about":[{"href":"https:\/\/www.santaritadopassaquatro.sp.gov.br\/portal\/wp-json\/wp\/v2\/types\/post"}],"author":[{"embeddable":true,"href":"https:\/\/www.santaritadopassaquatro.sp.gov.br\/portal\/wp-json\/wp\/v2\/users\/1"}],"replies":[{"embeddable":true,"href":"https:\/\/www.santaritadopassaquatro.sp.gov.br\/portal\/wp-json\/wp\/v2\/comments?post=2141"}],"version-history":[{"count":0,"href":"https:\/\/www.santaritadopassaquatro.sp.gov.br\/portal\/wp-json\/wp\/v2\/posts\/2141\/revisions"}],"wp:featuredmedia":[{"embeddable":true,"href":"https:\/\/www.santaritadopassaquatro.sp.gov.br\/portal\/wp-json\/wp\/v2\/media\/2142"}],"wp:attachment":[{"href":"https:\/\/www.santaritadopassaquatro.sp.gov.br\/portal\/wp-json\/wp\/v2\/media?parent=2141"}],"wp:term":[{"taxonomy":"category","embeddable":true,"href":"https:\/\/www.santaritadopassaquatro.sp.gov.br\/portal\/wp-json\/wp\/v2\/categories?post=2141"},{"taxonomy":"post_tag","embeddable":true,"href":"https:\/\/www.santaritadopassaquatro.sp.gov.br\/portal\/wp-json\/wp\/v2\/tags?post=2141"}],"curies":[{"name":"wp","href":"https:\/\/api.w.org\/{rel}","templated":true}]}}