{"id":2153,"date":"2019-09-02T09:47:23","date_gmt":"2019-09-02T12:47:23","guid":{"rendered":"http:\/\/www.santaritadopassaquatro.sp.gov.br\/portal\/?p=2153"},"modified":"2019-09-02T09:47:23","modified_gmt":"2019-09-02T12:47:23","slug":"cardapio-setembro-2019","status":"publish","type":"post","link":"https:\/\/www.santaritadopassaquatro.sp.gov.br\/portal\/cardapio-setembro-2019\/","title":{"rendered":"CARD\u00c1PIO SETEMBRO 2019"},"content":{"rendered":"<p><em>EMEI, ENSINO FUNDAMENTAL E ENSINO M\u00c9DIO<\/em><\/p>\n<p><strong>\u00a0<\/strong><\/p>\n<p><strong>Segunda-feira &#8211; 2 de setembro:<br \/>\n<\/strong>Arroz, feij\u00e3o e polenta ao molho de carne mo\u00edda.<\/p>\n<p><strong>Ter\u00e7a-feira &#8211; 3 de setembro:<br \/>\n<\/strong>Arroz, feij\u00e3o e pernil em cubos com mandioca.<\/p>\n<p><strong>Quarta-feira &#8211; 4 de setembro:<br \/>\n<\/strong>Arroz, feij\u00e3o e farofa primavera.<\/p>\n<p><strong>Quinta-feira &#8211; 5 de setembro:<br \/>\n<\/strong>Arroz, feij\u00e3o e salada de legumes.<\/p>\n<p><strong>Sexta-feira &#8211; 6 de setembro:<br \/>\n<\/strong>Macarr\u00e3o ao molho de carne em tiras.<\/p>\n<p><strong>\u00a0<\/strong><\/p>\n<p><strong>Segunda-feira &#8211; 9 de setembro:<br \/>\n<\/strong>Risoto de salsicha, feij\u00e3o e ovos de codorna.<\/p>\n<p><strong>Ter\u00e7a-feira &#8211; 10 de setembro:<br \/>\n<\/strong>Arroz, feij\u00e3o e carne em cubos com batata.<\/p>\n<p><strong>Quarta-feira &#8211; 11 de setembro:<br \/>\n<\/strong>Arroz, feij\u00e3o, polenta ao molho de frango desfiado.<\/p>\n<p><strong>Quinta-feira &#8211; 12 de setembro:<br \/>\n<\/strong>Arroz, feij\u00e3o, frango com legumes.<\/p>\n<p><strong>Sexta-feira &#8211; 13 de setembro:<br \/>\n<\/strong>Macarr\u00e3o ao molho de atum.<\/p>\n<p>&nbsp;<\/p>\n<p><strong>Segunda-feira &#8211; 16 de setembro:<br \/>\n<\/strong>Arroz, feij\u00e3o e strogonoff de carne.<\/p>\n<p><strong>Ter\u00e7a-feira &#8211; 17 de setembro:<br \/>\n<\/strong>Arroz, feij\u00e3o e salsicha com batata.<\/p>\n<p><strong>Quarta-feira &#8211; 18 de setembro:<br \/>\n<\/strong>Arroz de forno e pernil com batata.<\/p>\n<p><strong>Quinta-feira &#8211; 19 de setembro:<br \/>\n<\/strong>Macarr\u00e3o ao molho de carne em cubos.<\/p>\n<p><strong>Sexta-feira &#8211; 20 de setembro:<br \/>\n<\/strong>Ponto facultativo.<\/p>\n<p>&nbsp;<\/p>\n<p><strong>Segunda-feira &#8211; 23 de setembro:<br \/>\n<\/strong>Arroz de forno e feij\u00e3o.<\/p>\n<p><strong>Ter\u00e7a-feira &#8211; 24 de setembro:<br \/>\n<\/strong>Arroz, feij\u00e3o, carne mo\u00edda com legumes.<\/p>\n<p><strong>Quarta-feira &#8211; 25 de setembro:<br \/>\n<\/strong>Arroz, feij\u00e3o e farofa primavera.<\/p>\n<p><strong>Quinta-feira &#8211; 26 de setembro:<br \/>\n<\/strong>Arroz, feij\u00e3o e strogonoff de frango.<\/p>\n<p><strong>Sexta-feira &#8211; 27 de setembro:<br \/>\n<\/strong>Macarr\u00e3o ao molho lingui\u00e7a toscana.<\/p>\n<p><strong>\u00a0<\/strong><\/p>\n<p><strong>Segunda-feira &#8211; 30 de setembro:<br \/>\n<\/strong>Arroz, feij\u00e3o e polenta ao molho de lingui\u00e7a calabresa.<\/p>\n<p><strong>\u00a0<\/strong><\/p>\n<p><strong>\u00a0<\/strong><\/p>\n<p><strong>1\u00aa semana:<\/strong> folha, alface, e fruta, ma\u00e7\u00e3.<\/p>\n<p><strong>2\u00aa semana:<\/strong> folha, alface; legume, milho verde, e frutas, tangerina e uva.<\/p>\n<p><strong>3\u00aa semana:<\/strong> folha, alface; legume, pepino, efruta, banana prata e mam\u00e3o formosa.<\/p>\n<p><strong>4\u00aa semana:<\/strong> folha, alface; legume, br\u00f3colis, e frutas, abacaxi e mel\u00e3o.<\/p>\n<p><strong>5\u00aa semana:<\/strong> folha, alface; legume, tomate, e frutas, melancia e banana nanica.<\/p>\n<p>&nbsp;<\/p>\n<p><strong>Observa\u00e7\u00e3o: <\/strong><em>card\u00e1pio sujeito a altera\u00e7\u00f5es caso necess\u00e1rio\u00a0\u00a0\u00a0\u00a0\u00a0\u00a0\u00a0\u00a0\u00a0 .\u00a0\u00a0\u00a0\u00a0\u00a0\u00a0\u00a0\u00a0\u00a0\u00a0\u00a0\u00a0\u00a0\u00a0\u00a0\u00a0\u00a0\u00a0\u00a0\u00a0\u00a0\u00a0 <\/em><\/p>\n<p><strong>Nutricionista respons\u00e1vel t\u00e9cnica: <em>S\u00edlvia Regina Lorencetti (CRN 33915)<\/em>\u00a0\u00a0\u00a0\u00a0\u00a0\u00a0\u00a0\u00a0\u00a0\u00a0\u00a0\u00a0\u00a0\u00a0\u00a0\u00a0\u00a0\u00a0\u00a0\u00a0\u00a0\u00a0\u00a0\u00a0\u00a0\u00a0\u00a0\u00a0\u00a0\u00a0\u00a0\u00a0\u00a0 <\/strong><\/p>\n<p><strong>\u00a0<\/strong><\/p>\n<p>&nbsp;<\/p>\n<p>&nbsp;<\/p>\n","protected":false},"excerpt":{"rendered":"<p>EMEI, ENSINO FUNDAMENTAL E ENSINO M\u00c9DIO \u00a0 Segunda-feira &#8211; 2 de setembro: Arroz, feij\u00e3o e polenta ao molho de carne<\/p>\n","protected":false},"author":1,"featured_media":816,"comment_status":"closed","ping_status":"open","sticky":false,"template":"","format":"standard","meta":{"footnotes":""},"categories":[32],"tags":[],"class_list":["post-2153","post","type-post","status-publish","format-standard","has-post-thumbnail","hentry","category-merenda-escolar"],"_links":{"self":[{"href":"https:\/\/www.santaritadopassaquatro.sp.gov.br\/portal\/wp-json\/wp\/v2\/posts\/2153","targetHints":{"allow":["GET"]}}],"collection":[{"href":"https:\/\/www.santaritadopassaquatro.sp.gov.br\/portal\/wp-json\/wp\/v2\/posts"}],"about":[{"href":"https:\/\/www.santaritadopassaquatro.sp.gov.br\/portal\/wp-json\/wp\/v2\/types\/post"}],"author":[{"embeddable":true,"href":"https:\/\/www.santaritadopassaquatro.sp.gov.br\/portal\/wp-json\/wp\/v2\/users\/1"}],"replies":[{"embeddable":true,"href":"https:\/\/www.santaritadopassaquatro.sp.gov.br\/portal\/wp-json\/wp\/v2\/comments?post=2153"}],"version-history":[{"count":1,"href":"https:\/\/www.santaritadopassaquatro.sp.gov.br\/portal\/wp-json\/wp\/v2\/posts\/2153\/revisions"}],"predecessor-version":[{"id":2154,"href":"https:\/\/www.santaritadopassaquatro.sp.gov.br\/portal\/wp-json\/wp\/v2\/posts\/2153\/revisions\/2154"}],"wp:featuredmedia":[{"embeddable":true,"href":"https:\/\/www.santaritadopassaquatro.sp.gov.br\/portal\/wp-json\/wp\/v2\/media\/816"}],"wp:attachment":[{"href":"https:\/\/www.santaritadopassaquatro.sp.gov.br\/portal\/wp-json\/wp\/v2\/media?parent=2153"}],"wp:term":[{"taxonomy":"category","embeddable":true,"href":"https:\/\/www.santaritadopassaquatro.sp.gov.br\/portal\/wp-json\/wp\/v2\/categories?post=2153"},{"taxonomy":"post_tag","embeddable":true,"href":"https:\/\/www.santaritadopassaquatro.sp.gov.br\/portal\/wp-json\/wp\/v2\/tags?post=2153"}],"curies":[{"name":"wp","href":"https:\/\/api.w.org\/{rel}","templated":true}]}}