{"id":2176,"date":"2019-09-06T15:27:34","date_gmt":"2019-09-06T18:27:34","guid":{"rendered":"http:\/\/www.santaritadopassaquatro.sp.gov.br\/portal\/?p=2176"},"modified":"2019-09-06T15:27:34","modified_gmt":"2019-09-06T18:27:34","slug":"acoes-de-educacao-ambiental-no-espaco-verde-com-emef-francisco-ribeiro","status":"publish","type":"post","link":"https:\/\/www.santaritadopassaquatro.sp.gov.br\/portal\/acoes-de-educacao-ambiental-no-espaco-verde-com-emef-francisco-ribeiro\/","title":{"rendered":"A\u00e7\u00f5es de Educa\u00e7\u00e3o Ambiental no Espa\u00e7o Verde com EMEF Francisco Ribeiro"},"content":{"rendered":"<p><img decoding=\"async\" class=\"alignnone size-medium wp-image-2171 alignleft\" src=\"http:\/\/www.santaritadopassaquatro.sp.gov.br\/portal\/wp-content\/uploads\/2019\/09\/sala-verde-04-09-Madre_Carmelita-300x169.jpg\" alt=\"\" width=\"300\" height=\"169\" srcset=\"https:\/\/www.santaritadopassaquatro.sp.gov.br\/portal\/wp-content\/uploads\/2019\/09\/sala-verde-04-09-Madre_Carmelita-300x169.jpg 300w, https:\/\/www.santaritadopassaquatro.sp.gov.br\/portal\/wp-content\/uploads\/2019\/09\/sala-verde-04-09-Madre_Carmelita-768x432.jpg 768w, https:\/\/www.santaritadopassaquatro.sp.gov.br\/portal\/wp-content\/uploads\/2019\/09\/sala-verde-04-09-Madre_Carmelita-1024x576.jpg 1024w, https:\/\/www.santaritadopassaquatro.sp.gov.br\/portal\/wp-content\/uploads\/2019\/09\/sala-verde-04-09-Madre_Carmelita.jpg 1920w\" sizes=\"(max-width: 300px) 100vw, 300px\" \/>Nessa quinta-feira, 5 de setembro de 2019, o Espa\u00e7o Verde, localizado na Biblioteca Municipal, recebeu os alunos do 2\u00ba ano A e 4\u00ba ano B da EMEF Francisco Ribeiro. As professoras e acompanharam os 44 alunos que participaram de uma aula pr\u00e1tica sobre sustentabilidade com a Engenheira Qu\u00edmica Ana Vict\u00f3ria, que trabalha no Departamento de Agricultura e Meio Ambiente.<\/p>\n<p>Durante a aula foram abordados temas relacionados ao meio ambiente como biodiversidade, reciclagem, polui\u00e7\u00e3o, extin\u00e7\u00e3o de esp\u00e9cies, ao final da aula foi realizada din\u00e2mica em m\u00edmica sobre os temas abordados.<\/p>\n<p>Os alunos do 2\u00ba ano realizaram uma atividade com isopor.<\/p>\n<p>O isopor foi escolhido por ser um material utilizado em nosso dia-a-dia, e altamente descartado de maneira incorreta, e por ser um material que \u00e9 recicl\u00e1vel.<\/p>\n<p>Os alunos escolheram o mico le\u00e3o dourado e a tartaruga verde para ser o carimbo feito de isopor.<\/p>\n<p>Durante a atividade eles aprenderam como confeccionar o carimbo em casa com a ajuda dos respons\u00e1veis e como utiliz\u00e1-lo.<\/p>\n<p>Os alunos do 4\u00ba ano participaram de um conto de hist\u00f3ria sobre sustentabilidade e ao realizaram uma din\u00e2mica em m\u00edmica sobre os temas abordados.<\/p>\n<p>As atividades desenvolvidas no Espa\u00e7o Verde est\u00e3o previstas nas diretivas do Programa Munic\u00edpio Verde Azul, o local est\u00e1 aberto \u00e0 visita\u00e7\u00e3o de toda a popula\u00e7\u00e3o e as atividades desenvolvidas podem ser pr\u00e9-agendadas no Departamento de Agricultura e Meio Ambiente na Prefeitura Municipal.<\/p>\n","protected":false},"excerpt":{"rendered":"<p>Nessa quinta-feira, 5 de setembro de 2019, o Espa\u00e7o Verde, localizado na Biblioteca Municipal, recebeu os alunos do 2\u00ba ano<\/p>\n","protected":false},"author":1,"featured_media":2171,"comment_status":"closed","ping_status":"open","sticky":false,"template":"","format":"standard","meta":{"footnotes":""},"categories":[53],"tags":[],"class_list":["post-2176","post","type-post","status-publish","format-standard","has-post-thumbnail","hentry","category-meio-ambiente"],"_links":{"self":[{"href":"https:\/\/www.santaritadopassaquatro.sp.gov.br\/portal\/wp-json\/wp\/v2\/posts\/2176","targetHints":{"allow":["GET"]}}],"collection":[{"href":"https:\/\/www.santaritadopassaquatro.sp.gov.br\/portal\/wp-json\/wp\/v2\/posts"}],"about":[{"href":"https:\/\/www.santaritadopassaquatro.sp.gov.br\/portal\/wp-json\/wp\/v2\/types\/post"}],"author":[{"embeddable":true,"href":"https:\/\/www.santaritadopassaquatro.sp.gov.br\/portal\/wp-json\/wp\/v2\/users\/1"}],"replies":[{"embeddable":true,"href":"https:\/\/www.santaritadopassaquatro.sp.gov.br\/portal\/wp-json\/wp\/v2\/comments?post=2176"}],"version-history":[{"count":0,"href":"https:\/\/www.santaritadopassaquatro.sp.gov.br\/portal\/wp-json\/wp\/v2\/posts\/2176\/revisions"}],"wp:featuredmedia":[{"embeddable":true,"href":"https:\/\/www.santaritadopassaquatro.sp.gov.br\/portal\/wp-json\/wp\/v2\/media\/2171"}],"wp:attachment":[{"href":"https:\/\/www.santaritadopassaquatro.sp.gov.br\/portal\/wp-json\/wp\/v2\/media?parent=2176"}],"wp:term":[{"taxonomy":"category","embeddable":true,"href":"https:\/\/www.santaritadopassaquatro.sp.gov.br\/portal\/wp-json\/wp\/v2\/categories?post=2176"},{"taxonomy":"post_tag","embeddable":true,"href":"https:\/\/www.santaritadopassaquatro.sp.gov.br\/portal\/wp-json\/wp\/v2\/tags?post=2176"}],"curies":[{"name":"wp","href":"https:\/\/api.w.org\/{rel}","templated":true}]}}