{"id":2183,"date":"2019-09-06T15:36:39","date_gmt":"2019-09-06T18:36:39","guid":{"rendered":"http:\/\/www.santaritadopassaquatro.sp.gov.br\/portal\/?p=2183"},"modified":"2019-09-06T15:36:39","modified_gmt":"2019-09-06T18:36:39","slug":"campeonato-varzeano-fernando-zuliani-filho-2019-comeca-neste-domingo","status":"publish","type":"post","link":"https:\/\/www.santaritadopassaquatro.sp.gov.br\/portal\/campeonato-varzeano-fernando-zuliani-filho-2019-comeca-neste-domingo\/","title":{"rendered":"Campeonato Varzeano Fernando Zuliani Filho 2019 come\u00e7a neste domingo"},"content":{"rendered":"<p><strong><em>Promovida pelo Departamento Municipal de Esportes, abertura acontece na Cinel\u00e2ndia, a partir das 10 horas<\/em><\/strong><\/p>\n<p>&nbsp;<\/p>\n<figure id=\"attachment_2184\" aria-describedby=\"caption-attachment-2184\" style=\"width: 217px\" class=\"wp-caption alignleft\"><img decoding=\"async\" class=\"wp-image-2184\" src=\"http:\/\/www.santaritadopassaquatro.sp.gov.br\/portal\/wp-content\/uploads\/2019\/09\/Fernando_zuliani01-170x300.jpg\" alt=\"\" width=\"217\" height=\"366\" \/><figcaption id=\"caption-attachment-2184\" class=\"wp-caption-text\"><span style=\"color: #999999; font-size: 8pt;\"><em><strong>Com a uniforme da Cinel\u00e2ndia, o homenageado Fernando Zuiali Filho, que empresta seu nome a edi\u00e7\u00e3o 2019 do Varzeano (arquivo de fam\u00edlia)<\/strong><\/em><\/span><\/figcaption><\/figure>\n<p>Com solenidade de abertura, come\u00e7a neste domingo (8\/9) o Campeonato Municipal de Futebol Varzeano 2019 Fernando Zuliani Filho, de Santa Rita do Passa Quatro. A abertura oficial acontece a partir das 10 horas, no Est\u00e1dio Alciro Ribeiro Meireles (Cinel\u00e2ndia). Em em seguida a bola j\u00e1 vai rolar com a primeira partida entre Copasa\/Imapro X AASR.<\/p>\n<p>Ao todo, 10 equipes est\u00e3o inscritas para a competi\u00e7\u00e3o. Os times foram divididos em dois grupos na fase classificat\u00f3ria. No grupo A est\u00e3o: Disk Limp, AASR, Copasa\/Imapro e Nova Gera\u00e7\u00e3o F.C. O grupo B \u00e9 formado por: Copasa\/G\u00ea Esportes, Primos F.C., G.E. Estrelense, Bem Amigos F.C. e Keka F.C. Os dois primeiros colocados de cada grupo, seguem para as disputas as semifinais.<\/p>\n<p>Promovida pelo Departamento Municipal de Esportes (DME), a competi\u00e7\u00e3o mais tradicional do futebol amador do munic\u00edpio ir\u00e1 movimentar os est\u00e1dios Alcides de Freitas (Galo da Comarca), Alcides Ribeiro Meirelles (Cinel\u00e2ndia) e J\u00falio Gon\u00e7alves de Campos (Santa Cruz da Estrela) e Jos\u00e9 Pereira da Silva (AASR).<\/p>\n<p>Com dois jogos por domingo, o campeonato segue at\u00e9 o final do ano, com as finais programadas para o dia 15 de dezembro.<\/p>\n<p>&nbsp;<\/p>\n<p><strong>O HOMENAGEADO<\/strong><\/p>\n<p>Nascido em 7 de setembro de 1944, na Fazenda Taquaral, em Santa Rita do Passa Quatro Fernando Zuliani Filho, conhecido carinhosamente como Fernand\u00e3o, \u00e9 funcion\u00e1rio p\u00fablico estadual aposentado. Desde crian\u00e7a j\u00e1 era desportista, muito cedo come\u00e7ou a jogar no time da fazenda.<\/p>\n<p>Vindo a residir em Santa Rita, jogou no Bel\u00e9m Futebol Clube, Sanat\u00f3rio Futebol Clube disputando o Campeonato Amador do Estado de S\u00e3o Paulo por tr\u00eas anos. Jogou na A.A.S.R., onde foi campe\u00e3o invicto do Campeonato Varzeano Municipal de 1981. Apaixonado por Futebol militou na Vermelhinha como Diretor de Futebol por muitos anos.<\/p>\n<p>Residiu em Ribeir\u00e3o Preto onde jogou pelo Clube Oper\u00e1rio no campeonato da cidade.<\/p>\n<p>Jogou tamb\u00e9m por v\u00e1rios anos na Sociedade Esportiva Cinel\u00e2ndia, defendendo as cores desta agremia\u00e7\u00e3o.<\/p>\n<p>Fernand\u00e3o sempre caminhou ao lado do esporte, em especial o futebol, onde at\u00e9 hoje participa das peladas com os amigos.<\/p>\n<p>Casado com a professora aposentada Maria C\u00e9lia Braga Zuliani, tem tr\u00eas filhos, apaixonados por futebol como o pai, que fizeram a carreira profissional de futebol: Rodrigo Braga Zuliani, casado com a Elaine Thomazi Zuliani, os netos Emanuel e Ester; Rog\u00e9rio Braga Zuliani, casado com Maria Carolina Ferreira dos Santos Zuliani, os netos Jo\u00e3so Lucas e Maria Fernanada; e Rafael Braga Zuliani, casado com a Carla Cristina Moino Zuliani.<\/p>\n<p>&nbsp;<\/p>\n<p><strong>SERVI\u00c7O<br \/>\nCAMPEONATO MUNICIPAL DE FUTEBOL VARZEANO 2019<br \/>\nSOLENIDADE DE ABERTURA<\/strong><br \/>\n<strong>DATA:<\/strong> 8 de setembro de 2019.<br \/>\n<strong>HOR\u00c1RIO:<\/strong> 10 horas.<br \/>\n<strong>LOCAL:<\/strong> Est\u00e1dio Alciro Ribeiro Meireles (Cinel\u00e2ndia).<br \/>\n<strong>ENTRADA FRANCA<\/strong><\/p>\n<p><strong>\u00a0<\/strong><\/p>\n<p>&nbsp;<\/p>\n","protected":false},"excerpt":{"rendered":"<p>Promovida pelo Departamento Municipal de Esportes, abertura acontece na Cinel\u00e2ndia, a partir das 10 horas &nbsp; Com solenidade de abertura,<\/p>\n","protected":false},"author":1,"featured_media":2185,"comment_status":"closed","ping_status":"open","sticky":false,"template":"","format":"standard","meta":{"footnotes":""},"categories":[48,51],"tags":[],"class_list":["post-2183","post","type-post","status-publish","format-standard","has-post-thumbnail","hentry","category-featured","category-sports"],"_links":{"self":[{"href":"https:\/\/www.santaritadopassaquatro.sp.gov.br\/portal\/wp-json\/wp\/v2\/posts\/2183","targetHints":{"allow":["GET"]}}],"collection":[{"href":"https:\/\/www.santaritadopassaquatro.sp.gov.br\/portal\/wp-json\/wp\/v2\/posts"}],"about":[{"href":"https:\/\/www.santaritadopassaquatro.sp.gov.br\/portal\/wp-json\/wp\/v2\/types\/post"}],"author":[{"embeddable":true,"href":"https:\/\/www.santaritadopassaquatro.sp.gov.br\/portal\/wp-json\/wp\/v2\/users\/1"}],"replies":[{"embeddable":true,"href":"https:\/\/www.santaritadopassaquatro.sp.gov.br\/portal\/wp-json\/wp\/v2\/comments?post=2183"}],"version-history":[{"count":0,"href":"https:\/\/www.santaritadopassaquatro.sp.gov.br\/portal\/wp-json\/wp\/v2\/posts\/2183\/revisions"}],"wp:featuredmedia":[{"embeddable":true,"href":"https:\/\/www.santaritadopassaquatro.sp.gov.br\/portal\/wp-json\/wp\/v2\/media\/2185"}],"wp:attachment":[{"href":"https:\/\/www.santaritadopassaquatro.sp.gov.br\/portal\/wp-json\/wp\/v2\/media?parent=2183"}],"wp:term":[{"taxonomy":"category","embeddable":true,"href":"https:\/\/www.santaritadopassaquatro.sp.gov.br\/portal\/wp-json\/wp\/v2\/categories?post=2183"},{"taxonomy":"post_tag","embeddable":true,"href":"https:\/\/www.santaritadopassaquatro.sp.gov.br\/portal\/wp-json\/wp\/v2\/tags?post=2183"}],"curies":[{"name":"wp","href":"https:\/\/api.w.org\/{rel}","templated":true}]}}