{"id":2189,"date":"2019-09-06T15:41:34","date_gmt":"2019-09-06T18:41:34","guid":{"rendered":"http:\/\/www.santaritadopassaquatro.sp.gov.br\/portal\/?p=2189"},"modified":"2019-09-06T15:41:34","modified_gmt":"2019-09-06T18:41:34","slug":"58o-festival-zequinha-de-abreu-comeca-no-proximo-dia-18-de-setembro","status":"publish","type":"post","link":"https:\/\/www.santaritadopassaquatro.sp.gov.br\/portal\/58o-festival-zequinha-de-abreu-comeca-no-proximo-dia-18-de-setembro\/","title":{"rendered":"58\u00ba Festival Zequinha de Abreu come\u00e7a no pr\u00f3ximo dia 18 de setembro"},"content":{"rendered":"<p><strong><em>Evento acontece na semana anivers\u00e1rio do compositor homenageado, logo ap\u00f3s a Feira do Com\u00e9rcio<\/em><\/strong><\/p>\n<p><strong><em>\u00a0<\/em><\/strong><\/p>\n<figure id=\"attachment_2190\" aria-describedby=\"caption-attachment-2190\" style=\"width: 300px\" class=\"wp-caption alignleft\"><img decoding=\"async\" class=\"wp-image-2190 size-medium\" src=\"http:\/\/www.santaritadopassaquatro.sp.gov.br\/portal\/wp-content\/uploads\/2019\/09\/Choro_casa-300x200.jpg\" alt=\"\" width=\"300\" height=\"200\" srcset=\"https:\/\/www.santaritadopassaquatro.sp.gov.br\/portal\/wp-content\/uploads\/2019\/09\/Choro_casa-300x200.jpg 300w, https:\/\/www.santaritadopassaquatro.sp.gov.br\/portal\/wp-content\/uploads\/2019\/09\/Choro_casa-768x512.jpg 768w, https:\/\/www.santaritadopassaquatro.sp.gov.br\/portal\/wp-content\/uploads\/2019\/09\/Choro_casa-1024x682.jpg 1024w, https:\/\/www.santaritadopassaquatro.sp.gov.br\/portal\/wp-content\/uploads\/2019\/09\/Choro_casa.jpg 1976w\" sizes=\"(max-width: 300px) 100vw, 300px\" \/><figcaption id=\"caption-attachment-2190\" class=\"wp-caption-text\"><span style=\"font-size: 8pt; color: #999999;\"><em><strong>O projeto Choro da Casa est\u00e1 entre os destaques do 58\u00ba Festival Zequinha de Abreu (Arquivo\/AssCom\/Divulga\u00e7\u00e3o)<\/strong><\/em><\/span><\/figcaption><\/figure>\n<p>Com uma programa\u00e7\u00e3o especialmente selecionada, no pr\u00f3ximo dia 18\/9, quarta-feira, come\u00e7a mais um Festival Zequinha de Abreu, em homenagem ao compositor santa-ritense ficou mundialmente conhecido pela sua obra.<\/p>\n<p>Promovido pelo Departamento de Cultura de Turismo, da Prefeitura Municipal, de Santa Rita do Passa Quatro, o evento chega a sua 58\u00aa edi\u00e7\u00e3o do evento com atra\u00e7\u00f5es musicais, homenagens e tradicional concurso de bandas e fanfarras, na semana de anivers\u00e1rio do homenageado.<\/p>\n<p>A programa\u00e7\u00e3o do 58\u00ba Festival Zequinha de Abreu ir\u00e1 contar com atra\u00e7\u00f5es como o Projeto Choro da Casa, com os convidados Caio de Souza e Mateus Marques. Outro destaque ser\u00e1 o consagrado grupo \u00c1gua de Vint\u00e9m, um dos principais conjuntos de choro da atualidade no Brasil, que volta \u00e0 Santa Rita ap\u00f3s uma memor\u00e1vel apresenta\u00e7\u00e3o no evento em 2015.<\/p>\n<p>Tamb\u00e9m entre as atra\u00e7\u00f5es, est\u00e1 a homenagem no busto do compositor, exatamente da data do seu nascimento, 19 de setembro, e os tradicionais concurso e desfile de bandas e fanfarras, nos dias 21 e 22 de setembro, s\u00e1bado e domingo, com a etapa do 16\u00ba Campeonato Estadual de Fanfarras e Bandas, o Paulist\u00e3o, promovido pela Federa\u00e7\u00e3o das Fanfarras e Bandas do Estado de S\u00e3o Paulo (Ffabesp).<\/p>\n<p><strong>\u00a0<\/strong><\/p>\n<p><strong>O HOMENAGEADO <\/strong><\/p>\n<p>Reconhecido internacionalmente por composi\u00e7\u00f5es como \u201cTico-tico no Fub\u00e1\u201d, imortalizada por Carmen Miranda, em uma produ\u00e7\u00e3o dos est\u00fadios Disney, Jos\u00e9 Gomes de Abreu nasceu em Santa Rita do Passa Quatro, em 19 de setembro de 1880, e faleceu em S\u00e3o Paulo, no dia 22 de Janeiro de 1935.<\/p>\n<p><strong>\u00a0<\/strong><\/p>\n<p><strong>58\u00ba FESTIVAL ZEQUINHA DE ABREU <\/strong><\/p>\n<p><strong>PROGRAMA\u00c7\u00c3O<\/strong><\/p>\n<p><strong>18\/09 &#8211; QUARTA-FEIRA<br \/>\n20 horas: <\/strong>Projeto Choro da Casa e Convidados \u2013 Caio de Souza e Mateus Marques.<strong><br \/>\nLocal: <\/strong>Pra\u00e7a Poeta M\u00e1rio Mattoso (Esta\u00e7\u00e3o).<\/p>\n<p><strong>19\/09 &#8211; QUINTA-FEIRA<br \/>\n9 horas: <\/strong>Homenagem no busto.<br \/>\n<strong>Local: <\/strong>Pra\u00e7a Zequinha de Abreu (Matriz).<br \/>\n<strong>19h30: <\/strong>Banda Zequinha de Abreu e Coral Prof. Oct\u00e1vio Bueno de Camargo.<br \/>\n<strong>Local: <\/strong>Pra\u00e7a Poeta M\u00e1rio Mattoso (Esta\u00e7\u00e3o).<\/p>\n<p><strong>20\/09 &#8211; SEXTA-FEIRA<br \/>\n19h30: <\/strong>Filhos da Cidade.<strong><br \/>\n21 horas: <\/strong>Conjunto \u00c1gua de Vint\u00e9m.<strong><br \/>\nLocal: <\/strong>Pra\u00e7a Poeta M\u00e1rio Mattoso (Esta\u00e7\u00e3o).<\/p>\n<p><strong>21\/09 &#8211; S\u00c1BADO<br \/>\n19H30: <\/strong>Concerto de Bandas Musicais e 16\u00ba Paulist\u00e3o de Bandas e Fanfarras.<strong><br \/>\nLocal: <\/strong>Pra\u00e7a Poeta M\u00e1rio Mattoso (Esta\u00e7\u00e3o)<\/p>\n<p><strong>22\/09 &#8211; DOMINGO<br \/>\n8 horas: <\/strong>16\u00ba Paulist\u00e3o de Bandas e Fanfarras.<br \/>\n<strong>Local: <\/strong>Pra\u00e7a Poeta M\u00e1rio Mattoso (Esta\u00e7\u00e3o).<br \/>\n<strong>16 horas: <\/strong>Desfile de bandas e fanfarras.<br \/>\n<strong>Local: <\/strong>Av. Severino Meirelles.<\/p>\n<p><strong>TODOS OS DIAS<br \/>\n<\/strong>Exposi\u00e7\u00e3o \u201cDa Flor da Pele ao Tico-tico no Fub\u00e1\u201d<br \/>\n<strong>Local: <\/strong>Museu Zequinha de Abreu &#8211; (Esta\u00e7\u00e3o).<br \/>\n9h \u00e0s 11h \u00e0s 13h \u00e0s 16h Segunda a sexta<br \/>\ns\u00e1bados, domingos e feriados: 9h \u00e0s 12h<\/p>\n<p><strong>\u00a0<\/strong><\/p>\n<p>&nbsp;<\/p>\n<p>&nbsp;<\/p>\n<p>&nbsp;<\/p>\n","protected":false},"excerpt":{"rendered":"<p>Evento acontece na semana anivers\u00e1rio do compositor homenageado, logo ap\u00f3s a Feira do Com\u00e9rcio \u00a0 Com uma programa\u00e7\u00e3o especialmente selecionada,<\/p>\n","protected":false},"author":1,"featured_media":2190,"comment_status":"closed","ping_status":"open","sticky":false,"template":"","format":"standard","meta":{"footnotes":""},"categories":[46,48,60],"tags":[],"class_list":["post-2189","post","type-post","status-publish","format-standard","has-post-thumbnail","hentry","category-cultura","category-featured","category-turismo"],"_links":{"self":[{"href":"https:\/\/www.santaritadopassaquatro.sp.gov.br\/portal\/wp-json\/wp\/v2\/posts\/2189","targetHints":{"allow":["GET"]}}],"collection":[{"href":"https:\/\/www.santaritadopassaquatro.sp.gov.br\/portal\/wp-json\/wp\/v2\/posts"}],"about":[{"href":"https:\/\/www.santaritadopassaquatro.sp.gov.br\/portal\/wp-json\/wp\/v2\/types\/post"}],"author":[{"embeddable":true,"href":"https:\/\/www.santaritadopassaquatro.sp.gov.br\/portal\/wp-json\/wp\/v2\/users\/1"}],"replies":[{"embeddable":true,"href":"https:\/\/www.santaritadopassaquatro.sp.gov.br\/portal\/wp-json\/wp\/v2\/comments?post=2189"}],"version-history":[{"count":0,"href":"https:\/\/www.santaritadopassaquatro.sp.gov.br\/portal\/wp-json\/wp\/v2\/posts\/2189\/revisions"}],"wp:featuredmedia":[{"embeddable":true,"href":"https:\/\/www.santaritadopassaquatro.sp.gov.br\/portal\/wp-json\/wp\/v2\/media\/2190"}],"wp:attachment":[{"href":"https:\/\/www.santaritadopassaquatro.sp.gov.br\/portal\/wp-json\/wp\/v2\/media?parent=2189"}],"wp:term":[{"taxonomy":"category","embeddable":true,"href":"https:\/\/www.santaritadopassaquatro.sp.gov.br\/portal\/wp-json\/wp\/v2\/categories?post=2189"},{"taxonomy":"post_tag","embeddable":true,"href":"https:\/\/www.santaritadopassaquatro.sp.gov.br\/portal\/wp-json\/wp\/v2\/tags?post=2189"}],"curies":[{"name":"wp","href":"https:\/\/api.w.org\/{rel}","templated":true}]}}