{"id":2198,"date":"2019-09-06T15:50:55","date_gmt":"2019-09-06T18:50:55","guid":{"rendered":"http:\/\/www.santaritadopassaquatro.sp.gov.br\/portal\/?p=2198"},"modified":"2019-09-06T15:50:55","modified_gmt":"2019-09-06T18:50:55","slug":"palestra-ira-abordar-o-turismo-como-fonte-de-desenvolvimento-economico","status":"publish","type":"post","link":"https:\/\/www.santaritadopassaquatro.sp.gov.br\/portal\/palestra-ira-abordar-o-turismo-como-fonte-de-desenvolvimento-economico\/","title":{"rendered":"Palestra ir\u00e1 abordar o Turismo como fonte de desenvolvimento econ\u00f4mico"},"content":{"rendered":"<p><strong><em>Tema ser\u00e1 ministrado pelo secret\u00e1rio de Turismo de Brotas no pr\u00f3ximo dia 19, quinta-feira, no Centro Cultural M\u00e1rio Covas; evento \u00e9 aberto a popula\u00e7\u00e3o<\/em><\/strong><\/p>\n<p><strong><em>\u00a0<\/em><\/strong><\/p>\n<figure id=\"attachment_2199\" aria-describedby=\"caption-attachment-2199\" style=\"width: 300px\" class=\"wp-caption alignleft\"><img decoding=\"async\" class=\"wp-image-2199 size-medium\" src=\"http:\/\/www.santaritadopassaquatro.sp.gov.br\/portal\/wp-content\/uploads\/2019\/09\/Palestra-Sec.-Turismo-Brotas-1-Copy-300x200.jpg\" alt=\"\" width=\"300\" height=\"200\" srcset=\"https:\/\/www.santaritadopassaquatro.sp.gov.br\/portal\/wp-content\/uploads\/2019\/09\/Palestra-Sec.-Turismo-Brotas-1-Copy-300x200.jpg 300w, https:\/\/www.santaritadopassaquatro.sp.gov.br\/portal\/wp-content\/uploads\/2019\/09\/Palestra-Sec.-Turismo-Brotas-1-Copy-768x512.jpg 768w, https:\/\/www.santaritadopassaquatro.sp.gov.br\/portal\/wp-content\/uploads\/2019\/09\/Palestra-Sec.-Turismo-Brotas-1-Copy.jpg 860w\" sizes=\"(max-width: 300px) 100vw, 300px\" \/><figcaption id=\"caption-attachment-2199\" class=\"wp-caption-text\"><span style=\"font-size: 8pt; color: #808080;\"><em><strong>Fabio Pontes, secret\u00e1rio de Turismo de Brotas, em palestra ministrada na cidade de Ol\u00edmpia (Reprodu\u00e7\u00e3o)<\/strong><\/em><\/span><\/figcaption><\/figure>\n<p style=\"text-align: left;\">A popula\u00e7\u00e3o de Santa Rita do Passa Quatro ter\u00e1 uma grande oportunidade para se aprofundar o tema \u201cTurismo como fonte de desenvolvimento econ\u00f4mico\u201d, que ser\u00e1 abordado em palestra, no pr\u00f3ximo dia 19 de setembro, quinta-feira, \u00e0 partir das 19 horas, no Centro Cultural M\u00e1rio Covas.<\/p>\n<p>A promo\u00e7\u00e3o \u00e9 do Departamento de Turismo da Prefeitura municipal, em conjunto com o COMTUR (Conselho Municipal para Desenvolvimento do Turismo) e a palestra ser\u00e1 ministrada por F\u00e1bio Pontes, Secret\u00e1rio de Turismo do munic\u00edpio de Brotas.<\/p>\n<p>O evento \u00e9 aberto ao p\u00fablico, mas destinado principalmente a empres\u00e1rio, comerciantes e profissionais liberais dos ramos de alimenta\u00e7\u00e3o e hotelaria, especialmente, al\u00e9m de prestadores de servi\u00e7os ligados ao turismo, estudantes, propriet\u00e1rio rurais, autoridades e pessoas em geral interessadas pelo tema.<\/p>\n<p>Tamb\u00e9m Est\u00e2ncia Turistica, Brotas \u00e9 conhecida como a capital do turismo de aventura no interior do Estado de S\u00e3o Paulo e, desde o fim de 2015, fez altera\u00e7\u00f5es em sua legisla\u00e7\u00e3o que regulamentando o setor, integrando as a\u00e7\u00f5es do programa \u201cTurismo: Consci\u00eancia, Participa\u00e7\u00e3o e Desenvolvimento\u201d, da Prefeitura local.<\/p>\n<p>F\u00e1bio Pontes tem compartilhado sua experi\u00eancia em suas palestras para outros munic\u00edpios interessados no desenvolvimento do turismo, como Ol\u00edmpia (SP) e Andradas (MG), mais recentemente.<\/p>\n<p>Esta \u00e9 mais uma a\u00e7\u00e3o do governo municipal do prefeito Leandro Luciano dos Santos em busca do desenvolvimento do munic\u00edpio e a gera\u00e7\u00e3o de emprego e renda atrav\u00e9s do turismo, tido como um dos setores que mais crescem na atualidade.<\/p>\n<p>No \u00faltimos anos, Santa Rita recebeu muitos investimentos em infraestrutura tur\u00edstica, com recursos da Secretaria de Estado e Minist\u00e9rio do Turismo, contando com participa\u00e7\u00e3o efetiva na Aprecesp (associa\u00e7\u00e3o das est\u00e2ncias paulistas), com cadeira na diretoria nos \u00faltimos tr\u00eas anos, incluindo a presid\u00eancia do prefeito em 2019, atua\u00e7\u00e3o do Comtur, elabora\u00e7\u00e3o\u00a0 e atualizado do Plano Municipal de Turismo; participa\u00e7\u00e3o efetiva na Regi\u00e3o Tur\u00edstica Hist\u00f3rias e Vales, pelo desenvolvimento do turismo regional, entre outras.<\/p>\n<p>Todas estas a\u00e7\u00f5es garantem a manuten\u00e7\u00e3o do munic\u00edpio Mapa Brasileiro do Turismo, do Governo Federal, e no ranking da Est\u00e2ncias Paulistas, garantindo tamb\u00e9m recursos estaduais para investimentos.<\/p>\n<p>&nbsp;<\/p>\n<p><strong>SERVI\u00c7O<br \/>\n<\/strong><strong>Palestra \u201cTurismo como fonte de desenvolvimento econ\u00f4mico\u201d<br \/>\nQUANDO: <\/strong>19 de setembro, \u00e0s 19 horas.<br \/>\n<strong>LOCAL:<\/strong> Centro Cultural M\u00e1rio Covas.<br \/>\n<strong>ABERTO AO P\u00daBLICO<\/strong><\/p>\n<p><strong>\u00a0<\/strong><\/p>\n<p>&nbsp;<\/p>\n<p>&nbsp;<\/p>\n","protected":false},"excerpt":{"rendered":"<p>Tema ser\u00e1 ministrado pelo secret\u00e1rio de Turismo de Brotas no pr\u00f3ximo dia 19, quinta-feira, no Centro Cultural M\u00e1rio Covas; evento<\/p>\n","protected":false},"author":1,"featured_media":2199,"comment_status":"closed","ping_status":"open","sticky":false,"template":"","format":"standard","meta":{"footnotes":""},"categories":[52,60],"tags":[],"class_list":["post-2198","post","type-post","status-publish","format-standard","has-post-thumbnail","hentry","category-latest","category-turismo"],"_links":{"self":[{"href":"https:\/\/www.santaritadopassaquatro.sp.gov.br\/portal\/wp-json\/wp\/v2\/posts\/2198","targetHints":{"allow":["GET"]}}],"collection":[{"href":"https:\/\/www.santaritadopassaquatro.sp.gov.br\/portal\/wp-json\/wp\/v2\/posts"}],"about":[{"href":"https:\/\/www.santaritadopassaquatro.sp.gov.br\/portal\/wp-json\/wp\/v2\/types\/post"}],"author":[{"embeddable":true,"href":"https:\/\/www.santaritadopassaquatro.sp.gov.br\/portal\/wp-json\/wp\/v2\/users\/1"}],"replies":[{"embeddable":true,"href":"https:\/\/www.santaritadopassaquatro.sp.gov.br\/portal\/wp-json\/wp\/v2\/comments?post=2198"}],"version-history":[{"count":0,"href":"https:\/\/www.santaritadopassaquatro.sp.gov.br\/portal\/wp-json\/wp\/v2\/posts\/2198\/revisions"}],"wp:featuredmedia":[{"embeddable":true,"href":"https:\/\/www.santaritadopassaquatro.sp.gov.br\/portal\/wp-json\/wp\/v2\/media\/2199"}],"wp:attachment":[{"href":"https:\/\/www.santaritadopassaquatro.sp.gov.br\/portal\/wp-json\/wp\/v2\/media?parent=2198"}],"wp:term":[{"taxonomy":"category","embeddable":true,"href":"https:\/\/www.santaritadopassaquatro.sp.gov.br\/portal\/wp-json\/wp\/v2\/categories?post=2198"},{"taxonomy":"post_tag","embeddable":true,"href":"https:\/\/www.santaritadopassaquatro.sp.gov.br\/portal\/wp-json\/wp\/v2\/tags?post=2198"}],"curies":[{"name":"wp","href":"https:\/\/api.w.org\/{rel}","templated":true}]}}