{"id":2207,"date":"2019-09-06T16:03:08","date_gmt":"2019-09-06T19:03:08","guid":{"rendered":"http:\/\/www.santaritadopassaquatro.sp.gov.br\/portal\/?p=2207"},"modified":"2019-09-06T16:03:08","modified_gmt":"2019-09-06T19:03:08","slug":"escolas-francisco-ribeiro-e-joao-baptista-da-rocha-correa-passarao-por-reformas","status":"publish","type":"post","link":"https:\/\/www.santaritadopassaquatro.sp.gov.br\/portal\/escolas-francisco-ribeiro-e-joao-baptista-da-rocha-correa-passarao-por-reformas\/","title":{"rendered":"Escolas Francisco Ribeiro e Jo\u00e3o Baptista da Rocha Corr\u00eaa passar\u00e3o por reformas"},"content":{"rendered":"<p><strong><em>Obras est\u00e3o programadas para come\u00e7ar na pr\u00f3xima ter\u00e7a-feira; ao todo ser\u00e3o investidos R$ 380 mil recursos da Verba QESE<\/em><\/strong><\/p>\n<p>&nbsp;<\/p>\n<figure id=\"attachment_2203\" aria-describedby=\"caption-attachment-2203\" style=\"width: 300px\" class=\"wp-caption alignleft\"><img decoding=\"async\" class=\"wp-image-2203 size-medium\" src=\"http:\/\/www.santaritadopassaquatro.sp.gov.br\/portal\/wp-content\/uploads\/2019\/09\/francisco_ribeiro_atual-300x200.jpg\" alt=\"\" width=\"300\" height=\"200\" srcset=\"https:\/\/www.santaritadopassaquatro.sp.gov.br\/portal\/wp-content\/uploads\/2019\/09\/francisco_ribeiro_atual-300x200.jpg 300w, https:\/\/www.santaritadopassaquatro.sp.gov.br\/portal\/wp-content\/uploads\/2019\/09\/francisco_ribeiro_atual-768x512.jpg 768w, https:\/\/www.santaritadopassaquatro.sp.gov.br\/portal\/wp-content\/uploads\/2019\/09\/francisco_ribeiro_atual-1024x683.jpg 1024w\" sizes=\"(max-width: 300px) 100vw, 300px\" \/><figcaption id=\"caption-attachment-2203\" class=\"wp-caption-text\"><span style=\"font-size: 8pt; color: #999999;\"><strong>A EMEF Francisco Ribeiro tamb\u00e9m est\u00e1 recebendo investimentos do governo municipal (AssImp\/Divulga\u00e7\u00e3o)<\/strong><\/span><\/figcaption><\/figure>\n<p>Mais duas escolas municipais de Santa Rita do Passa Quatro receber\u00e3o benfeitorias, atrav\u00e9s do Departamento de Obras e Infraestrutura da Prefeitura. Com o in\u00edcio das obras programado para a pr\u00f3xima ter\u00e7a-feira (10\/9), a EMEF Francisco Ribeiro, no centro da cidade, e a EMEF Jo\u00e3o Baptista da Rocha Corr\u00eaa receber\u00e3o o investimento total de R$ 380 mil, com recursos da chamada verba QESE (Quota Estadual do Sal\u00e1rio Educa\u00e7\u00e3o), destinado exclusivamente a melhorias no setor de educa\u00e7\u00e3o.<\/p>\n<figure id=\"attachment_2208\" aria-describedby=\"caption-attachment-2208\" style=\"width: 300px\" class=\"wp-caption alignright\"><img decoding=\"async\" class=\"wp-image-2208 size-medium\" src=\"http:\/\/www.santaritadopassaquatro.sp.gov.br\/portal\/wp-content\/uploads\/2019\/09\/Reforma_escola_estrela1-300x236.jpg\" alt=\"\" width=\"300\" height=\"236\" srcset=\"https:\/\/www.santaritadopassaquatro.sp.gov.br\/portal\/wp-content\/uploads\/2019\/09\/Reforma_escola_estrela1-300x236.jpg 300w, https:\/\/www.santaritadopassaquatro.sp.gov.br\/portal\/wp-content\/uploads\/2019\/09\/Reforma_escola_estrela1-768x604.jpg 768w, https:\/\/www.santaritadopassaquatro.sp.gov.br\/portal\/wp-content\/uploads\/2019\/09\/Reforma_escola_estrela1-1024x805.jpg 1024w, https:\/\/www.santaritadopassaquatro.sp.gov.br\/portal\/wp-content\/uploads\/2019\/09\/Reforma_escola_estrela1.jpg 1984w\" sizes=\"(max-width: 300px) 100vw, 300px\" \/><figcaption id=\"caption-attachment-2208\" class=\"wp-caption-text\"><span style=\"font-size: 8pt; color: #999999;\"><em><strong>O prefeito em visita a EMEF Jo\u00e3o Baptista da Rocha Corr\u00eaa, que ser\u00e1 reformada a partir da pr\u00f3xima semana (AssImp\/Divulga\u00e7\u00e3o)<\/strong><\/em><\/span><\/figcaption><\/figure>\n<p>Com investimentos de R$ 190 mil, a EMEF Francisco Ribeiro, que completou 100 anos e, 2014 e tem pr\u00e9dio tombado como patrim\u00f4nio hist\u00f3rico pelo Condephaat (Conselho de Defesa do Patrim\u00f4nio Hist\u00f3rico, Arqueol\u00f3gico, Art\u00edstico e Tur\u00edstico), ir\u00e1 receber nova pintura e reparos. A empresa vencedora da licita\u00e7\u00e3o foi a Engebase Constru\u00e7\u00e3o e Gerenciamento Ltda. EPP, da cidade de S\u00e3o Paulo, mesma que executou as obras nas Tr\u00eas Quedas.<\/p>\n<p>Tamb\u00e9m com R$ 190 em investimentos, a EMEF Jo\u00e3o Baptista da Rocha Corr\u00eaa receber\u00e1 refor\u00e7o estrutural e tamb\u00e9m pequenos reparos no antigo pr\u00e9dio. Para esta obra, a empresa vencedora foi a Construmeta, que j\u00e1 executou outras obras na cidade, como por exemplo o banheiro na Pra\u00e7a Zequinha de Abreu.<\/p>\n<p>Ambas as escolas permanecer\u00e3o em aulas normais, mesmo durante as obras.<\/p>\n<p>&nbsp;<\/p>\n<p><strong>INVESTIMENTOS <\/strong><\/p>\n<p>Nos \u00faltimos anos, creches e escolas municipais vem recebendo grande aten\u00e7\u00e3o por parte do governo do prefeito Leandro Luciano dos Santos. Entre 2014 e 2015, em trabalho conjunto entre os departamentos de Obras e de Educa\u00e7\u00e3o, foram reformadas as creches municipais Ana Mardegan Scorsolini (Jd. S\u00e3o Luiz), Assumpta Piovato Missiato (Jd. Nova Santa Rita), Ant\u00f4nia Gusman Scorsolini (Lagoinha) e Professora Camila de Lellis Sereghetti (Vila Kennedy), al\u00e9m da EMEI Maria Am\u00e9lia Vanzella de Gobbi (Botafogo).<\/p>\n<p>&nbsp;<\/p>\n<p>&nbsp;<\/p>\n","protected":false},"excerpt":{"rendered":"<p>Obras est\u00e3o programadas para come\u00e7ar na pr\u00f3xima ter\u00e7a-feira; ao todo ser\u00e3o investidos R$ 380 mil recursos da Verba QESE &nbsp;<\/p>\n","protected":false},"author":1,"featured_media":2208,"comment_status":"closed","ping_status":"open","sticky":false,"template":"","format":"standard","meta":{"footnotes":""},"categories":[28,52,55],"tags":[],"class_list":["post-2207","post","type-post","status-publish","format-standard","has-post-thumbnail","hentry","category-educacao","category-latest","category-obras"],"_links":{"self":[{"href":"https:\/\/www.santaritadopassaquatro.sp.gov.br\/portal\/wp-json\/wp\/v2\/posts\/2207","targetHints":{"allow":["GET"]}}],"collection":[{"href":"https:\/\/www.santaritadopassaquatro.sp.gov.br\/portal\/wp-json\/wp\/v2\/posts"}],"about":[{"href":"https:\/\/www.santaritadopassaquatro.sp.gov.br\/portal\/wp-json\/wp\/v2\/types\/post"}],"author":[{"embeddable":true,"href":"https:\/\/www.santaritadopassaquatro.sp.gov.br\/portal\/wp-json\/wp\/v2\/users\/1"}],"replies":[{"embeddable":true,"href":"https:\/\/www.santaritadopassaquatro.sp.gov.br\/portal\/wp-json\/wp\/v2\/comments?post=2207"}],"version-history":[{"count":1,"href":"https:\/\/www.santaritadopassaquatro.sp.gov.br\/portal\/wp-json\/wp\/v2\/posts\/2207\/revisions"}],"predecessor-version":[{"id":2209,"href":"https:\/\/www.santaritadopassaquatro.sp.gov.br\/portal\/wp-json\/wp\/v2\/posts\/2207\/revisions\/2209"}],"wp:featuredmedia":[{"embeddable":true,"href":"https:\/\/www.santaritadopassaquatro.sp.gov.br\/portal\/wp-json\/wp\/v2\/media\/2208"}],"wp:attachment":[{"href":"https:\/\/www.santaritadopassaquatro.sp.gov.br\/portal\/wp-json\/wp\/v2\/media?parent=2207"}],"wp:term":[{"taxonomy":"category","embeddable":true,"href":"https:\/\/www.santaritadopassaquatro.sp.gov.br\/portal\/wp-json\/wp\/v2\/categories?post=2207"},{"taxonomy":"post_tag","embeddable":true,"href":"https:\/\/www.santaritadopassaquatro.sp.gov.br\/portal\/wp-json\/wp\/v2\/tags?post=2207"}],"curies":[{"name":"wp","href":"https:\/\/api.w.org\/{rel}","templated":true}]}}