{"id":2224,"date":"2019-09-13T14:00:23","date_gmt":"2019-09-13T17:00:23","guid":{"rendered":"http:\/\/www.santaritadopassaquatro.sp.gov.br\/portal\/?p=2224"},"modified":"2019-09-13T14:00:23","modified_gmt":"2019-09-13T17:00:23","slug":"santa-rita-volta-a-receber-oficinas-culturais-em-outubro","status":"publish","type":"post","link":"https:\/\/www.santaritadopassaquatro.sp.gov.br\/portal\/santa-rita-volta-a-receber-oficinas-culturais-em-outubro\/","title":{"rendered":"Santa Rita volta a receber oficinas culturais em outubro"},"content":{"rendered":"<p><strong><em>Hist\u00f3rias e Can\u00e7\u00f5es e Dublagem ser\u00e3o os temas das a\u00e7\u00f5es promovidas em parcerias com Secretaria de Estado da Cultura <\/em><\/strong><\/p>\n<p>&nbsp;<\/p>\n<figure id=\"attachment_2226\" aria-describedby=\"caption-attachment-2226\" style=\"width: 296px\" class=\"wp-caption alignleft\"><img decoding=\"async\" class=\"wp-image-2226 size-medium\" src=\"http:\/\/www.santaritadopassaquatro.sp.gov.br\/portal\/wp-content\/uploads\/2019\/09\/oficina_histprias_cancoes_1-296x300.jpg\" alt=\"\" width=\"296\" height=\"300\" srcset=\"https:\/\/www.santaritadopassaquatro.sp.gov.br\/portal\/wp-content\/uploads\/2019\/09\/oficina_histprias_cancoes_1-296x300.jpg 296w, https:\/\/www.santaritadopassaquatro.sp.gov.br\/portal\/wp-content\/uploads\/2019\/09\/oficina_histprias_cancoes_1-768x779.jpg 768w, https:\/\/www.santaritadopassaquatro.sp.gov.br\/portal\/wp-content\/uploads\/2019\/09\/oficina_histprias_cancoes_1-1010x1024.jpg 1010w, https:\/\/www.santaritadopassaquatro.sp.gov.br\/portal\/wp-content\/uploads\/2019\/09\/oficina_histprias_cancoes_1.jpg 1169w\" sizes=\"(max-width: 296px) 100vw, 296px\" \/><figcaption id=\"caption-attachment-2226\" class=\"wp-caption-text\"><span style=\"font-size: 8pt; color: #808080;\"><em><strong>Fernanda Munh\u00e3o, que ir\u00e1 ministrar a oficina \u201cHist\u00f3rias e Can\u00e7\u00f5es\u201d nos dias 8 e 9 de outubro, em Santa Rita (Divulga\u00e7\u00e3o)<\/strong><\/em><\/span><\/figcaption><\/figure>\n<p>O m\u00eas de outubro volta com tudo em Santa Rita do Passa Quatro, com mas oficias culturais promovidas pelo Departamento de Cultura, Prefeitura Municipal, e Secretaria de Estado da Cultura, atrav\u00e9s do MIS (Museu da Imagem e do Som), Oficinas Culturais, Poiesis.<\/p>\n<p>A Oficina Cultural \u201cHist\u00f3rias e Can\u00e7\u00f5es: A Confec\u00e7\u00e3o de Brinquedos e Instrumentos Musicais\u201d, com Fernanda Munh\u00e3o, acontece nos dias 8 e 9 de outubro (ter\u00e7a e quarta-feira), das 18h \u00e0s 22 horas, no Pavilh\u00e3o Cultural Dr. Eduardo Louzada Rocha.<\/p>\n<p>Destinada a educadores e amantes da arte, a oficina permite mergulhar na cultura popular atrav\u00e9s da confec\u00e7\u00e3o de brinquedos e instrumentos musicais com material reciclado. Durante o processo, ser\u00e1 destacado a import\u00e2ncia do brincar no universo infantil, as diferentes brincadeiras em v\u00e1rias partes do mundo, al\u00e9m da amplia\u00e7\u00e3o de repert\u00f3rio de brincadeiras cantadas, hist\u00f3rias, parlendas e trava-l\u00ednguas.<\/p>\n<p>Fernanda Munh\u00e3o \u00e9 graduada em jornalismo, letras, pedagogia e especialista em literatura e \u201cconta\u00e7\u00e3o\u201d de hist\u00f3rias, ensino e uso estrat\u00e9gico das tecnologias em informa\u00e7\u00e3o. \u00a0Atuou durante 17 anos em sala e aula e hoje \u00e9 professora de p\u00f3s-gradua\u00e7\u00e3o na arte de contar hist\u00f3rias. \u00c9 escritora e contadora de hist\u00f3rias, atuando em todo o Pa\u00eds. Participou como convidada dos festivais de narra\u00e7\u00e3o oral em Porto-Portugal e Almirante Brown (Argentina).<\/p>\n<p>Pela internet, as inscri\u00e7\u00f5es foram abertas estas semana e 30 vagas dispon\u00edveis j\u00e1 foram preenchidas no primeiro dia, com cerca de 10 pessoas j\u00e1 na lista de espera.<\/p>\n<p>&nbsp;<\/p>\n<figure id=\"attachment_2225\" aria-describedby=\"caption-attachment-2225\" style=\"width: 300px\" class=\"wp-caption alignright\"><img decoding=\"async\" class=\"wp-image-2225 size-medium\" src=\"http:\/\/www.santaritadopassaquatro.sp.gov.br\/portal\/wp-content\/uploads\/2019\/09\/oficina_dublagem_foto-300x200.jpg\" alt=\"\" width=\"300\" height=\"200\" srcset=\"https:\/\/www.santaritadopassaquatro.sp.gov.br\/portal\/wp-content\/uploads\/2019\/09\/oficina_dublagem_foto-300x200.jpg 300w, https:\/\/www.santaritadopassaquatro.sp.gov.br\/portal\/wp-content\/uploads\/2019\/09\/oficina_dublagem_foto-768x512.jpg 768w, https:\/\/www.santaritadopassaquatro.sp.gov.br\/portal\/wp-content\/uploads\/2019\/09\/oficina_dublagem_foto-1024x683.jpg 1024w, https:\/\/www.santaritadopassaquatro.sp.gov.br\/portal\/wp-content\/uploads\/2019\/09\/oficina_dublagem_foto.jpg 1863w\" sizes=\"(max-width: 300px) 100vw, 300px\" \/><figcaption id=\"caption-attachment-2225\" class=\"wp-caption-text\"><span style=\"font-size: 8pt; color: #808080;\"><em><strong>\u00cdtalo Yuri ir\u00e1 abordar a dublagem em oficina que tem data ainda a ser definida (Divulga\u00e7\u00e3o)<\/strong><\/em><\/span><\/figcaption><\/figure>\n<p><strong>DUBLAGEM<\/strong><\/p>\n<p>Com data ainda a ser definida, a Oficina Livre de Dublagem, com \u00cdtalo Yuri, ir\u00e1 abordar assuntos como: quem est\u00e1 por tr\u00e1s das vozes dos personagens? Como s\u00e3o realizadas essas dublagens?<\/p>\n<p>A atividade \u00e9 mais uma parceria o programa Pontos MIS e ir\u00e1 explorar, de maneira descontra\u00edda, a arte de dublar cenas e personagens. Primeiro ser\u00e3o analisados os diversos empregos dessa t\u00e9cnica na TV e no Cinema, a hist\u00f3ria da dublagem e sua evolu\u00e7\u00e3o. Em seguida os participantes interpretar\u00e3o sequ\u00eancias, inserindo nelas suas vozes e criando efeitos sonoros, usando recursos digitais. Ser\u00e3o apresentadas pr\u00e1ticas vocais, capta\u00e7\u00e3o de \u00e1udio, edi\u00e7\u00e3o de \u00e1udio e v\u00eddeo e sincroniza\u00e7\u00e3o de som e imagem. Para isso ser\u00e3o aplicadas solu\u00e7\u00f5es de baix\u00edssimo or\u00e7amento e o uso de programas gratuitos.<\/p>\n<p>O ministrante da atividade ser\u00e1 \u00cdtalo Yuri que j\u00e1 realizou trabalhos na \u00e1rea da cultura, televis\u00e3o e cinema, como gestor de conte\u00fado audiovisual, arte educador, cinegrafista, assistente de c\u00e2mera e editor. Ele \u00e9 formado em R\u00e1dio e TV e \u00e9 t\u00e9cnico em processos fonogr\u00e1ficos, al\u00e9m de grande admirador do cinema de anima\u00e7\u00e3o e filmes <em>trash<\/em>.<\/p>\n<p>As datas da oficina e das inscri\u00e7\u00f5es ser\u00e3o divulgadas em breve.<\/p>\n<p>&nbsp;<\/p>\n<p>&nbsp;<\/p>\n<p>&nbsp;<\/p>\n<p>&nbsp;<\/p>\n","protected":false},"excerpt":{"rendered":"<p>Hist\u00f3rias e Can\u00e7\u00f5es e Dublagem ser\u00e3o os temas das a\u00e7\u00f5es promovidas em parcerias com Secretaria de Estado da Cultura &nbsp;<\/p>\n","protected":false},"author":1,"featured_media":2226,"comment_status":"closed","ping_status":"open","sticky":false,"template":"","format":"standard","meta":{"footnotes":""},"categories":[46],"tags":[],"class_list":["post-2224","post","type-post","status-publish","format-standard","has-post-thumbnail","hentry","category-cultura"],"_links":{"self":[{"href":"https:\/\/www.santaritadopassaquatro.sp.gov.br\/portal\/wp-json\/wp\/v2\/posts\/2224","targetHints":{"allow":["GET"]}}],"collection":[{"href":"https:\/\/www.santaritadopassaquatro.sp.gov.br\/portal\/wp-json\/wp\/v2\/posts"}],"about":[{"href":"https:\/\/www.santaritadopassaquatro.sp.gov.br\/portal\/wp-json\/wp\/v2\/types\/post"}],"author":[{"embeddable":true,"href":"https:\/\/www.santaritadopassaquatro.sp.gov.br\/portal\/wp-json\/wp\/v2\/users\/1"}],"replies":[{"embeddable":true,"href":"https:\/\/www.santaritadopassaquatro.sp.gov.br\/portal\/wp-json\/wp\/v2\/comments?post=2224"}],"version-history":[{"count":0,"href":"https:\/\/www.santaritadopassaquatro.sp.gov.br\/portal\/wp-json\/wp\/v2\/posts\/2224\/revisions"}],"wp:featuredmedia":[{"embeddable":true,"href":"https:\/\/www.santaritadopassaquatro.sp.gov.br\/portal\/wp-json\/wp\/v2\/media\/2226"}],"wp:attachment":[{"href":"https:\/\/www.santaritadopassaquatro.sp.gov.br\/portal\/wp-json\/wp\/v2\/media?parent=2224"}],"wp:term":[{"taxonomy":"category","embeddable":true,"href":"https:\/\/www.santaritadopassaquatro.sp.gov.br\/portal\/wp-json\/wp\/v2\/categories?post=2224"},{"taxonomy":"post_tag","embeddable":true,"href":"https:\/\/www.santaritadopassaquatro.sp.gov.br\/portal\/wp-json\/wp\/v2\/tags?post=2224"}],"curies":[{"name":"wp","href":"https:\/\/api.w.org\/{rel}","templated":true}]}}