{"id":2228,"date":"2019-09-13T14:04:06","date_gmt":"2019-09-13T17:04:06","guid":{"rendered":"http:\/\/www.santaritadopassaquatro.sp.gov.br\/portal\/?p=2228"},"modified":"2019-09-13T14:04:06","modified_gmt":"2019-09-13T17:04:06","slug":"cobertura-vegetal-no-perimetro-urbano","status":"publish","type":"post","link":"https:\/\/www.santaritadopassaquatro.sp.gov.br\/portal\/cobertura-vegetal-no-perimetro-urbano\/","title":{"rendered":"Cobertura Vegetal no Per\u00edmetro Urbano"},"content":{"rendered":"<p><em><strong>Biodiversidade, Educa\u00e7\u00e3o Ambiental e Sustentabilidade:\u00a0<\/strong><\/em><\/p>\n<p><strong><em>\u00a0<img decoding=\"async\" class=\"alignnone size-medium wp-image-2230 aligncenter\" src=\"http:\/\/www.santaritadopassaquatro.sp.gov.br\/portal\/wp-content\/uploads\/2019\/09\/Coluna-Meio-Ambiente-300x116.jpg\" alt=\"\" width=\"300\" height=\"116\" srcset=\"https:\/\/www.santaritadopassaquatro.sp.gov.br\/portal\/wp-content\/uploads\/2019\/09\/Coluna-Meio-Ambiente-300x116.jpg 300w, https:\/\/www.santaritadopassaquatro.sp.gov.br\/portal\/wp-content\/uploads\/2019\/09\/Coluna-Meio-Ambiente-768x297.jpg 768w, https:\/\/www.santaritadopassaquatro.sp.gov.br\/portal\/wp-content\/uploads\/2019\/09\/Coluna-Meio-Ambiente-1024x396.jpg 1024w\" sizes=\"(max-width: 300px) 100vw, 300px\" \/><\/em><\/strong><\/p>\n<p><strong><em>Por: Rodrigo Torres Cardoso<\/em><\/strong><em><br \/>\nDiretor Dep. Agricultura e Meio Ambiente <\/em><\/p>\n<p>&nbsp;<\/p>\n<p>Utilizando imagem do Google Earth (imagem de 08 de junho de 2019) o Departamento de Agricultura e Meio Ambiente desenhou pol\u00edgonos demarcando a proje\u00e7\u00e3o de copa de todas as arvores e fragmentos vegetais do per\u00edmetro urbano do munic\u00edpio de Santa Rita do Passa Quatro.<\/p>\n<p>A an\u00e1lise dos dados foi feita utilizando o Programa Qgis ves\u00e3o 3.8. De acordo com a an\u00e1lise, o munic\u00edpio de Santa Rita do Passa Quatro apresenta atualmente, 472,17ha de cobertura vegetal no per\u00edmetro urbano, o que representa 27,77% dos 1700ha de \u00e1rea urbana.<\/p>\n<p>Esse valor representa 629,9m\u00b2 de \u00e1rea verde para cada um dos aproximadamente 27000 habitantes, valor considerado bom comparado a outros centros urbanos do Estado de S\u00e3o Paulo. As a\u00e7\u00f5es de melhoria de arboriza\u00e7\u00e3o urbana est\u00e3o constantemente sendo feitas, e nos \u00faltimos 2 anos mais de 3 mil \u00e1rvores foram plantadas na \u00e1rea urbana, e com a chegada do per\u00edodo de chuvas de 2019 os plantios ser\u00e3o retomados, abrangendo todos os bairros da cidade.<\/p>\n<p>\u00c9 importante que exista um aux\u00edlio da popula\u00e7\u00e3o na manuten\u00e7\u00e3o das \u00e1rvores plantadas pela prefeitura, isso \u00e9 bem simples e n\u00e3o d\u00e1 nenhum trabalho, e quando uma \u00e1rvore for plantada na cal\u00e7ada de sua resid\u00eancia, ajude a deixa-la molhada e bem estaqueada.<\/p>\n<figure id=\"attachment_2229\" aria-describedby=\"caption-attachment-2229\" style=\"width: 683px\" class=\"wp-caption aligncenter\"><img decoding=\"async\" class=\"wp-image-2229\" src=\"http:\/\/www.santaritadopassaquatro.sp.gov.br\/portal\/wp-content\/uploads\/2019\/09\/coluna_meio_ambiente07-300x276.png\" alt=\"\" width=\"683\" height=\"608\" \/><figcaption id=\"caption-attachment-2229\" class=\"wp-caption-text\"><span style=\"font-size: 10pt; color: #999999;\"><em><strong>Pol\u00edgonos amarelos feitos em todas copas de \u00e1rvores do munic\u00edpio afim de se calcular a porcentagem de cobertura vegetal urbana, e o pol\u00edgono vermelho demostra o per\u00edmetro urbano.<\/strong><\/em><\/span><\/figcaption><\/figure>\n<p>&nbsp;<\/p>\n<p>&nbsp;<\/p>\n","protected":false},"excerpt":{"rendered":"<p>Biodiversidade, Educa\u00e7\u00e3o Ambiental e Sustentabilidade:\u00a0 \u00a0 Por: Rodrigo Torres Cardoso Diretor Dep. Agricultura e Meio Ambiente &nbsp; Utilizando imagem do<\/p>\n","protected":false},"author":1,"featured_media":2230,"comment_status":"closed","ping_status":"open","sticky":false,"template":"","format":"standard","meta":{"footnotes":""},"categories":[53],"tags":[],"class_list":["post-2228","post","type-post","status-publish","format-standard","has-post-thumbnail","hentry","category-meio-ambiente"],"_links":{"self":[{"href":"https:\/\/www.santaritadopassaquatro.sp.gov.br\/portal\/wp-json\/wp\/v2\/posts\/2228","targetHints":{"allow":["GET"]}}],"collection":[{"href":"https:\/\/www.santaritadopassaquatro.sp.gov.br\/portal\/wp-json\/wp\/v2\/posts"}],"about":[{"href":"https:\/\/www.santaritadopassaquatro.sp.gov.br\/portal\/wp-json\/wp\/v2\/types\/post"}],"author":[{"embeddable":true,"href":"https:\/\/www.santaritadopassaquatro.sp.gov.br\/portal\/wp-json\/wp\/v2\/users\/1"}],"replies":[{"embeddable":true,"href":"https:\/\/www.santaritadopassaquatro.sp.gov.br\/portal\/wp-json\/wp\/v2\/comments?post=2228"}],"version-history":[{"count":0,"href":"https:\/\/www.santaritadopassaquatro.sp.gov.br\/portal\/wp-json\/wp\/v2\/posts\/2228\/revisions"}],"wp:featuredmedia":[{"embeddable":true,"href":"https:\/\/www.santaritadopassaquatro.sp.gov.br\/portal\/wp-json\/wp\/v2\/media\/2230"}],"wp:attachment":[{"href":"https:\/\/www.santaritadopassaquatro.sp.gov.br\/portal\/wp-json\/wp\/v2\/media?parent=2228"}],"wp:term":[{"taxonomy":"category","embeddable":true,"href":"https:\/\/www.santaritadopassaquatro.sp.gov.br\/portal\/wp-json\/wp\/v2\/categories?post=2228"},{"taxonomy":"post_tag","embeddable":true,"href":"https:\/\/www.santaritadopassaquatro.sp.gov.br\/portal\/wp-json\/wp\/v2\/tags?post=2228"}],"curies":[{"name":"wp","href":"https:\/\/api.w.org\/{rel}","templated":true}]}}