{"id":2244,"date":"2019-09-13T14:20:42","date_gmt":"2019-09-13T17:20:42","guid":{"rendered":"http:\/\/www.santaritadopassaquatro.sp.gov.br\/portal\/?p=2244"},"modified":"2019-09-13T14:20:42","modified_gmt":"2019-09-13T17:20:42","slug":"palestra-sobre-turismo-e-desenvolvimento-economico-e-nesta-quinta-feira","status":"publish","type":"post","link":"https:\/\/www.santaritadopassaquatro.sp.gov.br\/portal\/palestra-sobre-turismo-e-desenvolvimento-economico-e-nesta-quinta-feira\/","title":{"rendered":"Palestra sobre turismo e desenvolvimento econ\u00f4mico \u00e9 nesta quinta-feira"},"content":{"rendered":"<p><strong><em>Tema ser\u00e1 ministrado pelo secret\u00e1rio de Turismo de Brotas, \u00e0 partir das 19 horas, no Centro Cultural M\u00e1rio Covas; evento \u00e9 aberto a popula\u00e7\u00e3o<\/em><\/strong><\/p>\n<p><strong><em>\u00a0<\/em><\/strong><\/p>\n<figure id=\"attachment_2245\" aria-describedby=\"caption-attachment-2245\" style=\"width: 300px\" class=\"wp-caption alignleft\"><img decoding=\"async\" class=\"wp-image-2245 size-medium\" src=\"http:\/\/www.santaritadopassaquatro.sp.gov.br\/portal\/wp-content\/uploads\/2019\/09\/Fabio-Pontes-Secretario-de-Turismo-de-Brotas-300x225.jpg\" alt=\"\" width=\"300\" height=\"225\" srcset=\"https:\/\/www.santaritadopassaquatro.sp.gov.br\/portal\/wp-content\/uploads\/2019\/09\/Fabio-Pontes-Secretario-de-Turismo-de-Brotas-300x225.jpg 300w, https:\/\/www.santaritadopassaquatro.sp.gov.br\/portal\/wp-content\/uploads\/2019\/09\/Fabio-Pontes-Secretario-de-Turismo-de-Brotas.jpg 696w\" sizes=\"(max-width: 300px) 100vw, 300px\" \/><figcaption id=\"caption-attachment-2245\" class=\"wp-caption-text\"><span style=\"font-size: 8pt; color: #999999;\"><em><strong>Fabio Pontes, secret\u00e1rio de Turismo de Brotas, em palestra ministrada na cidade de Ol\u00edmpia (Reprodu\u00e7\u00e3o)<\/strong><\/em><\/span><\/figcaption><\/figure>\n<p>Nesta quinta-feira (19\/9), a popula\u00e7\u00e3o de Santa Rita do Passa Quatro ter\u00e1 uma grande oportunidade para se aprofundar o tema \u201cTurismo como fonte de desenvolvimento econ\u00f4mico\u201d. O tema ser\u00e1 abordado em palestra ministrada por F\u00e1bio Pontes, Secret\u00e1rio de Turismo do munic\u00edpio de Brotas.\u00a0 Aberto ao p\u00fablico, o evento acontece \u00e0 partir das 19 horas, no Centro Cultural M\u00e1rio Covas.<\/p>\n<p>A promo\u00e7\u00e3o \u00e9 do Departamento de Turismo da Prefeitura municipal, em conjunto com o Comtur (Conselho Municipal para Desenvolvimento do Turismo). \u00a0A palestra \u00e9 destinada principalmente a empres\u00e1rios, comerciantes e profissionais liberais dos ramos de alimenta\u00e7\u00e3o e hotelaria, especialmente, al\u00e9m de prestadores de servi\u00e7os ligados ao turismo, estudantes, propriet\u00e1rio rurais, autoridades e pessoas em geral interessadas pelo tema.<\/p>\n<p>Tamb\u00e9m Est\u00e2ncia Tur\u00edstica, Brotas \u00e9 conhecida como a capital do turismo de aventura no interior do Estado de S\u00e3o Paulo. E F\u00e1bio Pontes tem compartilhado sua experi\u00eancia em suas palestras para outros munic\u00edpios interessados no desenvolvimento do turismo.<\/p>\n<p>Esta \u00e9 mais uma a\u00e7\u00e3o do governo municipal de Santa Rita em busca do desenvolvimento do munic\u00edpio e a gera\u00e7\u00e3o de emprego e renda atrav\u00e9s do turismo, tido como um dos setores que mais crescem na atualidade.<\/p>\n<p>&nbsp;<\/p>\n<blockquote><p><strong>SERVI\u00c7O<br \/>\n<\/strong><strong>Palestra \u201cTurismo como fonte de desenvolvimento econ\u00f4mico\u201d<br \/>\nQUANDO: <\/strong>quinta-feira, 19 de setembro, \u00e0s 19 horas.<br \/>\n<strong>LOCAL:<\/strong> Centro Cultural M\u00e1rio Covas.<br \/>\n<strong>ABERTO AO P\u00daBLICO<\/strong><\/p><\/blockquote>\n<p><strong>\u00a0<\/strong><\/p>\n<p>&nbsp;<\/p>\n<p>&nbsp;<\/p>\n","protected":false},"excerpt":{"rendered":"<p>Tema ser\u00e1 ministrado pelo secret\u00e1rio de Turismo de Brotas, \u00e0 partir das 19 horas, no Centro Cultural M\u00e1rio Covas; evento<\/p>\n","protected":false},"author":1,"featured_media":2199,"comment_status":"closed","ping_status":"open","sticky":false,"template":"","format":"standard","meta":{"footnotes":""},"categories":[60],"tags":[],"class_list":["post-2244","post","type-post","status-publish","format-standard","has-post-thumbnail","hentry","category-turismo"],"_links":{"self":[{"href":"https:\/\/www.santaritadopassaquatro.sp.gov.br\/portal\/wp-json\/wp\/v2\/posts\/2244","targetHints":{"allow":["GET"]}}],"collection":[{"href":"https:\/\/www.santaritadopassaquatro.sp.gov.br\/portal\/wp-json\/wp\/v2\/posts"}],"about":[{"href":"https:\/\/www.santaritadopassaquatro.sp.gov.br\/portal\/wp-json\/wp\/v2\/types\/post"}],"author":[{"embeddable":true,"href":"https:\/\/www.santaritadopassaquatro.sp.gov.br\/portal\/wp-json\/wp\/v2\/users\/1"}],"replies":[{"embeddable":true,"href":"https:\/\/www.santaritadopassaquatro.sp.gov.br\/portal\/wp-json\/wp\/v2\/comments?post=2244"}],"version-history":[{"count":0,"href":"https:\/\/www.santaritadopassaquatro.sp.gov.br\/portal\/wp-json\/wp\/v2\/posts\/2244\/revisions"}],"wp:featuredmedia":[{"embeddable":true,"href":"https:\/\/www.santaritadopassaquatro.sp.gov.br\/portal\/wp-json\/wp\/v2\/media\/2199"}],"wp:attachment":[{"href":"https:\/\/www.santaritadopassaquatro.sp.gov.br\/portal\/wp-json\/wp\/v2\/media?parent=2244"}],"wp:term":[{"taxonomy":"category","embeddable":true,"href":"https:\/\/www.santaritadopassaquatro.sp.gov.br\/portal\/wp-json\/wp\/v2\/categories?post=2244"},{"taxonomy":"post_tag","embeddable":true,"href":"https:\/\/www.santaritadopassaquatro.sp.gov.br\/portal\/wp-json\/wp\/v2\/tags?post=2244"}],"curies":[{"name":"wp","href":"https:\/\/api.w.org\/{rel}","templated":true}]}}