{"id":2247,"date":"2019-09-13T14:24:49","date_gmt":"2019-09-13T17:24:49","guid":{"rendered":"http:\/\/www.santaritadopassaquatro.sp.gov.br\/portal\/?p=2247"},"modified":"2019-09-13T14:24:49","modified_gmt":"2019-09-13T17:24:49","slug":"prazo-de-matriculas-nas-emeis-para-2020-segue-ate-a-proxima-quinta-feira","status":"publish","type":"post","link":"https:\/\/www.santaritadopassaquatro.sp.gov.br\/portal\/prazo-de-matriculas-nas-emeis-para-2020-segue-ate-a-proxima-quinta-feira\/","title":{"rendered":"Prazo de matr\u00edculas nas EMEIs para 2020 segue at\u00e9 a pr\u00f3xima quinta-feira"},"content":{"rendered":"<p><strong><em>Pais ou respons\u00e1veis de crian\u00e7as com idade escolar devem procurar o Departamento de Educa\u00e7\u00e3o <\/em><\/strong><\/p>\n<p><strong><em>\u00a0<\/em><\/strong><\/p>\n<p><img decoding=\"async\" class=\"alignnone size-medium wp-image-2196 alignleft\" src=\"http:\/\/www.santaritadopassaquatro.sp.gov.br\/portal\/wp-content\/uploads\/2019\/09\/volta_aulas_1-300x167.jpg\" alt=\"\" width=\"300\" height=\"167\" srcset=\"https:\/\/www.santaritadopassaquatro.sp.gov.br\/portal\/wp-content\/uploads\/2019\/09\/volta_aulas_1-300x167.jpg 300w, https:\/\/www.santaritadopassaquatro.sp.gov.br\/portal\/wp-content\/uploads\/2019\/09\/volta_aulas_1-768x427.jpg 768w, https:\/\/www.santaritadopassaquatro.sp.gov.br\/portal\/wp-content\/uploads\/2019\/09\/volta_aulas_1.jpg 800w\" sizes=\"(max-width: 300px) 100vw, 300px\" \/>Termina na pr\u00f3xima quinta-feira (19\/9) o prazo de matr\u00edculas para novos alunos nas EMEIs (Escolas Municipais de Ensino Infantil) de Santa Rita do Passa Quatro, para o pr\u00f3ximo ano letivo. Crian\u00e7as com idade de 4 anos completos ou a completar at\u00e9 31 de mar\u00e7o de 2020, devem ser matriculadas no Jardim I. As matr\u00edculas dever\u00e3o ser feitas no Departamento Municipal de Educa\u00e7\u00e3o, no que fica na Av. Severino Meirelles, n\u00ba 1230, Centro (ao lado da Galeria Vitrine), no hor\u00e1rio das 7h30 \u00e0s 10h30 e das 13h30 \u00e0s 15h30. O prazo de matr\u00edculas no Jardim I come\u00e7ou na \u00faltima ter\u00e7a-feira (10\/9).<\/p>\n<p>O prazo para matricula inicial no Ensino Fundamental (EMEFs) segue at\u00e9 o dia 30 de setembro, neste per\u00edodo, pais ou respons\u00e1veis de crian\u00e7as com idade de 6 anos completos ou a completar at\u00e9 31 de mar\u00e7o de 2020, devem procurar pelas escolas mais pr\u00f3ximas de suas resid\u00eancias, no hor\u00e1rio de 7h30 \u00e0s 16 horas, de segunda a sexta-feira.<\/p>\n<p>Os documentos necess\u00e1rios para as matr\u00edculas s\u00e3o: c\u00f3pias do RG e CPF dos pais ou respons\u00e1veis; certid\u00e3o de nascimento; comprovante de resid\u00eancia; cart\u00e3o Bolsa Fam\u00edlia; cart\u00e3o do SUS; atestado de vacina\u00e7\u00e3o (retirar no Posto de Sa\u00fade mediante apresenta\u00e7\u00e3o da Carteira de Vacina\u00e7\u00e3o); declara\u00e7\u00e3o de trabalho dos pais (caso haja interesse no per\u00edodo integral).<\/p>\n<p><strong>\u00a0<\/strong><\/p>\n<p><strong>Escolas Municipais de Ensino Infantil (EMEI)<\/strong><\/p>\n<ul>\n<li>EMEI Prof\u00aa Galdina Lima Segatto &#8211; Av. Prof\u00ba Jos\u00e9 Gonso, s\/n \u2013 Vila Mello<\/li>\n<li>EMEI Maria Am\u00e9lia Vanzella de Gobbi &#8211; Rua General Oz\u00f3rio, 758 \u2013 Botafogo<\/li>\n<li>EMEI Jo\u00e3o Prud\u00eancio Ribeiro &#8211; Distrito de Santa Cruz da Estrela<\/li>\n<li>EMEI Jo\u00e3o Batista Rodrigues Ribaldo &#8211; Rua Luiz Fonseca de Souza Meirelles, s\/n \u2013 Jd Alvorada<\/li>\n<\/ul>\n<p><strong>Confira quais s\u00e3o as Escolas Municipais de Ensino Fundamental (EMEF)<\/strong><\/p>\n<ul>\n<li>EMEF Madre Carmelita &#8211; Pra\u00e7a Prof. Lauro Costa, &#8211; Jd Coronel Victor Meirelles.<\/li>\n<li>EMEF Francisco Ribeiro &#8211; Pra\u00e7a Volunt\u00e1rio Silvano (Ros\u00e1rio) \u2013 Centro.<\/li>\n<li>EMEF CAIC Laura Suriani Barbuio &#8211; Rua Faustino de Moura, 130 &#8211; Jd. Boa Vista I.<\/li>\n<li>EMEF Jo\u00e3o Baptista da Rocha Correa &#8211; Rua Eug\u00eanio Anacleto Dias, 458 &#8211; Santa Cruz da Estrela.<\/li>\n<\/ul>\n<p>&nbsp;<\/p>\n<p>&nbsp;<\/p>\n<p>&nbsp;<\/p>\n","protected":false},"excerpt":{"rendered":"<p>Pais ou respons\u00e1veis de crian\u00e7as com idade escolar devem procurar o Departamento de Educa\u00e7\u00e3o \u00a0 Termina na pr\u00f3xima quinta-feira (19\/9)<\/p>\n","protected":false},"author":1,"featured_media":2196,"comment_status":"closed","ping_status":"open","sticky":false,"template":"","format":"standard","meta":{"footnotes":""},"categories":[48,28],"tags":[],"class_list":["post-2247","post","type-post","status-publish","format-standard","has-post-thumbnail","hentry","category-featured","category-educacao"],"_links":{"self":[{"href":"https:\/\/www.santaritadopassaquatro.sp.gov.br\/portal\/wp-json\/wp\/v2\/posts\/2247","targetHints":{"allow":["GET"]}}],"collection":[{"href":"https:\/\/www.santaritadopassaquatro.sp.gov.br\/portal\/wp-json\/wp\/v2\/posts"}],"about":[{"href":"https:\/\/www.santaritadopassaquatro.sp.gov.br\/portal\/wp-json\/wp\/v2\/types\/post"}],"author":[{"embeddable":true,"href":"https:\/\/www.santaritadopassaquatro.sp.gov.br\/portal\/wp-json\/wp\/v2\/users\/1"}],"replies":[{"embeddable":true,"href":"https:\/\/www.santaritadopassaquatro.sp.gov.br\/portal\/wp-json\/wp\/v2\/comments?post=2247"}],"version-history":[{"count":1,"href":"https:\/\/www.santaritadopassaquatro.sp.gov.br\/portal\/wp-json\/wp\/v2\/posts\/2247\/revisions"}],"predecessor-version":[{"id":2248,"href":"https:\/\/www.santaritadopassaquatro.sp.gov.br\/portal\/wp-json\/wp\/v2\/posts\/2247\/revisions\/2248"}],"wp:featuredmedia":[{"embeddable":true,"href":"https:\/\/www.santaritadopassaquatro.sp.gov.br\/portal\/wp-json\/wp\/v2\/media\/2196"}],"wp:attachment":[{"href":"https:\/\/www.santaritadopassaquatro.sp.gov.br\/portal\/wp-json\/wp\/v2\/media?parent=2247"}],"wp:term":[{"taxonomy":"category","embeddable":true,"href":"https:\/\/www.santaritadopassaquatro.sp.gov.br\/portal\/wp-json\/wp\/v2\/categories?post=2247"},{"taxonomy":"post_tag","embeddable":true,"href":"https:\/\/www.santaritadopassaquatro.sp.gov.br\/portal\/wp-json\/wp\/v2\/tags?post=2247"}],"curies":[{"name":"wp","href":"https:\/\/api.w.org\/{rel}","templated":true}]}}