{"id":2249,"date":"2019-09-13T14:27:18","date_gmt":"2019-09-13T17:27:18","guid":{"rendered":"http:\/\/www.santaritadopassaquatro.sp.gov.br\/portal\/?p=2249"},"modified":"2019-09-13T14:27:18","modified_gmt":"2019-09-13T17:27:18","slug":"projeto-choro-da-casa-abre-o-58o-festival-zequinha-de-abreu-na-proxima-quarta-feira","status":"publish","type":"post","link":"https:\/\/www.santaritadopassaquatro.sp.gov.br\/portal\/projeto-choro-da-casa-abre-o-58o-festival-zequinha-de-abreu-na-proxima-quarta-feira\/","title":{"rendered":"Projeto Choro da Casa abre o 58\u00ba Festival Zequinha de Abreu na pr\u00f3xima quarta-feira"},"content":{"rendered":"<p><strong><em>Evento acontece na semana anivers\u00e1rio do compositor homenageado, logo ap\u00f3s a Feira do Com\u00e9rcio, com atra\u00e7\u00f5es diversas at\u00e9 o pr\u00f3ximo domingo<\/em><\/strong><\/p>\n<p><strong><em>\u00a0<\/em><\/strong><\/p>\n<figure id=\"attachment_2250\" aria-describedby=\"caption-attachment-2250\" style=\"width: 350px\" class=\"wp-caption alignleft\"><img decoding=\"async\" class=\"wp-image-2250\" src=\"http:\/\/www.santaritadopassaquatro.sp.gov.br\/portal\/wp-content\/uploads\/2019\/09\/Festival_Zequinha_Choro_Casa-300x200.jpg\" alt=\"\" width=\"350\" height=\"233\" srcset=\"https:\/\/www.santaritadopassaquatro.sp.gov.br\/portal\/wp-content\/uploads\/2019\/09\/Festival_Zequinha_Choro_Casa-300x200.jpg 300w, https:\/\/www.santaritadopassaquatro.sp.gov.br\/portal\/wp-content\/uploads\/2019\/09\/Festival_Zequinha_Choro_Casa-768x512.jpg 768w, https:\/\/www.santaritadopassaquatro.sp.gov.br\/portal\/wp-content\/uploads\/2019\/09\/Festival_Zequinha_Choro_Casa-1024x683.jpg 1024w\" sizes=\"(max-width: 350px) 100vw, 350px\" \/><figcaption id=\"caption-attachment-2250\" class=\"wp-caption-text\"><span style=\"font-size: 8pt; color: #999999;\"><em><strong>O projeto Choro da Casa que far\u00e1 abertura do 58\u00ba Festival Zequinha de Abreu (Arquivo\/AssCom\/Divulga\u00e7\u00e3o)<\/strong><\/em><\/span><\/figcaption><\/figure>\n<p>O Projeto Choro da Casa, de Ribeir\u00e3o Preto, estar\u00e1 de volta \u00e0 Santa Rita do Passa Quatro, para abertura do 58\u00ba Festival Zequinha de Abreu. Com os convidados Caio de Souza e Mateus Marques, o grupo se apresenta na Pra\u00e7a Poeta M\u00e1rio Mattoso, na pr\u00f3xima quarta-feira (81\/9), \u00e0 partir das 20 horas, quando inicia o evento em homenagem ao compositor santa-ritense Jos\u00e9 Gomes de Abreu, que ficou mundialmente conhecido pela sua obra.<\/p>\n<p>Com uma programa\u00e7\u00e3o especialmente selecionada, o Festival \u00e9 promovido pelo Departamento de Cultura de Turismo, da Prefeitura Municipal, com atra\u00e7\u00f5es musicais, homenagens e tradicional concurso de bandas e fanfarras, na semana de anivers\u00e1rio do homenageado.<\/p>\n<p>A programa\u00e7\u00e3o do ir\u00e1 contar com atra\u00e7\u00f5es como o consagrado grupo \u00c1gua de Vint\u00e9m, um dos principais conjuntos de choro da atualidade no Brasil, que volta \u00e0 Santa Rita ap\u00f3s uma memor\u00e1vel apresenta\u00e7\u00e3o no evento em 2015.<\/p>\n<p>Tamb\u00e9m entre as atra\u00e7\u00f5es, est\u00e1 a homenagem no busto do compositor, exatamente da data do seu nascimento, 19 de setembro, e os tradicionais concurso e desfile de bandas e fanfarras, nos dias 21 e 22 de setembro, s\u00e1bado e domingo, com a etapa do 16\u00ba Campeonato Estadual de Fanfarras e Bandas, o Paulist\u00e3o, promovido pela Federa\u00e7\u00e3o das Fanfarras e Bandas do Estado de S\u00e3o Paulo (Ffabesp).<\/p>\n<p><strong>\u00a0<\/strong><\/p>\n<p><strong>O HOMENAGEADO <\/strong><\/p>\n<p>Reconhecido internacionalmente por composi\u00e7\u00f5es como \u201cTico-tico no Fub\u00e1\u201d, imortalizada por Carmen Miranda, em uma produ\u00e7\u00e3o dos est\u00fadios Disney, Jos\u00e9 Gomes de Abreu nasceu em Santa Rita do Passa Quatro, em 19 de setembro de 1880, e faleceu em S\u00e3o Paulo, no dia 22 de Janeiro de 1935.<\/p>\n<p><strong>\u00a0<\/strong><\/p>\n<p><strong>58\u00ba FESTIVAL ZEQUINHA DE ABREU <\/strong><\/p>\n<p><strong>PROGRAMA\u00c7\u00c3O<\/strong><\/p>\n<p><strong>18\/09 &#8211; QUARTA-FEIRA<br \/>\n20 horas: <\/strong>Projeto Choro da Casa e Convidados \u2013 Caio de Souza e Mateus Marques.<strong><br \/>\nLocal: <\/strong>Pra\u00e7a Poeta M\u00e1rio Mattoso (Esta\u00e7\u00e3o).<\/p>\n<p><strong>19\/09 &#8211; QUINTA-FEIRA<br \/>\n9 horas: <\/strong>Homenagem no busto.<br \/>\n<strong>Local: <\/strong>Pra\u00e7a Zequinha de Abreu (Matriz).<br \/>\n<strong>19h30: <\/strong>Banda Zequinha de Abreu e Coral Prof. Oct\u00e1vio Bueno de Camargo.<br \/>\n<strong>Local: <\/strong>Pra\u00e7a Poeta M\u00e1rio Mattoso (Esta\u00e7\u00e3o).<\/p>\n<p><strong>20\/09 &#8211; SEXTA-FEIRA<br \/>\n19h30: <\/strong>Filhos da Cidade.<strong><br \/>\n21 horas: <\/strong>Conjunto \u00c1gua de Vint\u00e9m.<strong><br \/>\nLocal: <\/strong>Pra\u00e7a Poeta M\u00e1rio Mattoso (Esta\u00e7\u00e3o).<\/p>\n<p><strong>21\/09 &#8211; S\u00c1BADO<br \/>\n19H30: <\/strong>Concerto de Bandas Musicais e 16\u00ba Paulist\u00e3o de Bandas e Fanfarras.<strong><br \/>\nLocal: <\/strong>Pra\u00e7a Poeta M\u00e1rio Mattoso (Esta\u00e7\u00e3o)<\/p>\n<p><strong>22\/09 &#8211; DOMINGO<br \/>\n8 horas: <\/strong>16\u00ba Paulist\u00e3o de Bandas e Fanfarras.<br \/>\n<strong>Local: <\/strong>Pra\u00e7a Poeta M\u00e1rio Mattoso (Esta\u00e7\u00e3o).<br \/>\n<strong>16 horas: <\/strong>Desfile de bandas e fanfarras.<br \/>\n<strong>Local: <\/strong>Av. Severino Meirelles.<\/p>\n<p><strong>TODOS OS DIAS<br \/>\n<\/strong>Exposi\u00e7\u00e3o \u201cDa Flor da Pele ao Tico-tico no Fub\u00e1\u201d<br \/>\n<strong>Local: <\/strong>Museu Zequinha de Abreu &#8211; (Esta\u00e7\u00e3o).<br \/>\n9h \u00e0s 11h \u00e0s 13h \u00e0s 16h Segunda a sexta<br \/>\ns\u00e1bados, domingos e feriados: 9h \u00e0s 12h<\/p>\n<p><strong>\u00a0<\/strong><\/p>\n<p>&nbsp;<\/p>\n<p>&nbsp;<\/p>\n<p>&nbsp;<\/p>\n","protected":false},"excerpt":{"rendered":"<p>Evento acontece na semana anivers\u00e1rio do compositor homenageado, logo ap\u00f3s a Feira do Com\u00e9rcio, com atra\u00e7\u00f5es diversas at\u00e9 o pr\u00f3ximo<\/p>\n","protected":false},"author":1,"featured_media":2250,"comment_status":"closed","ping_status":"open","sticky":false,"template":"","format":"standard","meta":{"footnotes":""},"categories":[46,52,60],"tags":[],"class_list":["post-2249","post","type-post","status-publish","format-standard","has-post-thumbnail","hentry","category-cultura","category-latest","category-turismo"],"_links":{"self":[{"href":"https:\/\/www.santaritadopassaquatro.sp.gov.br\/portal\/wp-json\/wp\/v2\/posts\/2249","targetHints":{"allow":["GET"]}}],"collection":[{"href":"https:\/\/www.santaritadopassaquatro.sp.gov.br\/portal\/wp-json\/wp\/v2\/posts"}],"about":[{"href":"https:\/\/www.santaritadopassaquatro.sp.gov.br\/portal\/wp-json\/wp\/v2\/types\/post"}],"author":[{"embeddable":true,"href":"https:\/\/www.santaritadopassaquatro.sp.gov.br\/portal\/wp-json\/wp\/v2\/users\/1"}],"replies":[{"embeddable":true,"href":"https:\/\/www.santaritadopassaquatro.sp.gov.br\/portal\/wp-json\/wp\/v2\/comments?post=2249"}],"version-history":[{"count":0,"href":"https:\/\/www.santaritadopassaquatro.sp.gov.br\/portal\/wp-json\/wp\/v2\/posts\/2249\/revisions"}],"wp:featuredmedia":[{"embeddable":true,"href":"https:\/\/www.santaritadopassaquatro.sp.gov.br\/portal\/wp-json\/wp\/v2\/media\/2250"}],"wp:attachment":[{"href":"https:\/\/www.santaritadopassaquatro.sp.gov.br\/portal\/wp-json\/wp\/v2\/media?parent=2249"}],"wp:term":[{"taxonomy":"category","embeddable":true,"href":"https:\/\/www.santaritadopassaquatro.sp.gov.br\/portal\/wp-json\/wp\/v2\/categories?post=2249"},{"taxonomy":"post_tag","embeddable":true,"href":"https:\/\/www.santaritadopassaquatro.sp.gov.br\/portal\/wp-json\/wp\/v2\/tags?post=2249"}],"curies":[{"name":"wp","href":"https:\/\/api.w.org\/{rel}","templated":true}]}}