{"id":2252,"date":"2019-09-13T14:28:51","date_gmt":"2019-09-13T17:28:51","guid":{"rendered":"http:\/\/www.santaritadopassaquatro.sp.gov.br\/portal\/?p=2252"},"modified":"2019-09-13T14:28:51","modified_gmt":"2019-09-13T17:28:51","slug":"com-expectativa-de-muitos-negocios-6a-feira-do-comercio-e-neste-domingo","status":"publish","type":"post","link":"https:\/\/www.santaritadopassaquatro.sp.gov.br\/portal\/com-expectativa-de-muitos-negocios-6a-feira-do-comercio-e-neste-domingo\/","title":{"rendered":"Com expectativa de muitos neg\u00f3cios, 6\u00aa Feira do Com\u00e9rcio \u00e9 neste domingo"},"content":{"rendered":"<p><strong><em>Evento deste ano acontece na Pra\u00e7a da Esta\u00e7\u00e3o, com mais de 100 empreenderes inscritos entre comerciantes, prestadores de servi\u00e7os e empreendedores diversos <\/em><\/strong><\/p>\n<p>&nbsp;<\/p>\n<figure id=\"attachment_2253\" aria-describedby=\"caption-attachment-2253\" style=\"width: 335px\" class=\"wp-caption alignleft\"><img decoding=\"async\" class=\"wp-image-2253 \" src=\"http:\/\/www.santaritadopassaquatro.sp.gov.br\/portal\/wp-content\/uploads\/2019\/09\/Feira_comercio_montagem-300x200.jpg\" alt=\"\" width=\"335\" height=\"223\" srcset=\"https:\/\/www.santaritadopassaquatro.sp.gov.br\/portal\/wp-content\/uploads\/2019\/09\/Feira_comercio_montagem-300x200.jpg 300w, https:\/\/www.santaritadopassaquatro.sp.gov.br\/portal\/wp-content\/uploads\/2019\/09\/Feira_comercio_montagem-768x512.jpg 768w, https:\/\/www.santaritadopassaquatro.sp.gov.br\/portal\/wp-content\/uploads\/2019\/09\/Feira_comercio_montagem-1024x683.jpg 1024w\" sizes=\"(max-width: 335px) 100vw, 335px\" \/><figcaption id=\"caption-attachment-2253\" class=\"wp-caption-text\"><span style=\"font-size: 8pt; color: #999999;\"><em><strong>Estrutura sendo montada durante a semana, na Pra\u00e7a M\u00e1rio Mattoso, para 6\u00aa Feira do Com\u00e9rcio, que acontece neste domingo (AssCom\/Divulga\u00e7\u00e3o)<\/strong><\/em><\/span><\/figcaption><\/figure>\n<p>Muita expectativa para este domingo (15\/9), quando Santa Rita do Passa Quatro realiza a 60\u00aa edi\u00e7\u00e3o da sua Feira do Com\u00e9rcio \u201cClarindo Bassi\u201d. O dia especial para os empreendedores do munic\u00edpio, come\u00e7a \u00e0 partir das 9 horas, e este ano ser\u00e1 na Pra\u00e7a Poeta Mario Mattoso (Esta\u00e7\u00e3o), em fun\u00e7\u00e3o das reformas no galp\u00e3o do Parque Tur\u00edstico Municipal.<\/p>\n<p>Como incentivo ao empreendedorismo, visando a gera\u00e7\u00e3o de emprego e renda no munic\u00edpio, o evento \u00e9 promovido em parceria entre Prefeitura Municipal, atrav\u00e9s do Setor de Desenvolvimento Econ\u00f4mico, e ACE (Associa\u00e7\u00e3o Comercial e Empresarial).<\/p>\n<p>A edi\u00e7\u00e3o 2019 da feira recebeu mais de 100 inscri\u00e7\u00f5es, entre empreendedores j\u00e1 consolidados e aqueles que desejam iniciar seu neg\u00f3cio. O evento ir\u00e1 reunir setores do com\u00e9rcio, presta\u00e7\u00e3o de servi\u00e7os, agroneg\u00f3cio, pra\u00e7a de alimenta\u00e7\u00e3o, durante todo o dia, com entrada franca.<\/p>\n<p>Mais uma vez, a expectativa \u00e9 muitos neg\u00f3cios, com a participa\u00e7\u00e3o me massa do p\u00fablico da cidade e visitantes tamb\u00e9m da regi\u00e3o.<\/p>\n<p>Exclusivo para empreendedores de Santa Rita, a Feira do Com\u00e9rcio \u00e9 considerada uma das principais a\u00e7\u00f5es do munic\u00edpio em busca da gera\u00e7\u00e3o de emprego e renda para a popula\u00e7\u00e3o do munic\u00edpio. Promovido originalmente no Parque Tur\u00edstico Municipal (Clube de Campo), este ano o evento muda de local, em fun\u00e7\u00e3o de obras que est\u00e3o sendo realizadas no galp\u00e3o.<\/p>\n<p>&nbsp;<\/p>\n<p><strong>HIST\u00d3RICO<\/strong><\/p>\n<p>Como parte do Plano de Desenvolvimento Econ\u00f4mico do Munic\u00edpio, a Feira do Comercio come\u00e7ou a ser realizada em 2014. Nos anos seguintes, o p\u00fablico saltou de 6 mil para 15 mil consumidores de Santa Rita e cidades da regi\u00e3o, como Porto Ferreira, Descalvado, Tamba\u00fa e Pirassununga.<\/p>\n<p>Em todas as edi\u00e7\u00f5es da feira, os expositores ofereceram ao p\u00fablico os mais variados tipos de produtos, em promo\u00e7\u00f5es e queima de estoque. Muitos realizaram sorteio de pr\u00eamios e brindes entre os participantes. Al\u00e9m das vendas, que superaram as expectativas, os expositores tamb\u00e9m tiveram a oportunidade de divulgar seus neg\u00f3cios.<\/p>\n<p>&nbsp;<\/p>\n<p><strong>SERVI\u00c7O<br \/>\n6\u00ba FEIRA DO COM\u00c9RCIO DE SANTA RITA DO PASSA QUATRO<\/strong>.<br \/>\n<strong>DATA:<\/strong> 15 de setembro.<br \/>\n<strong>HOR\u00c1RIO: <\/strong>das 9h \u00e0s 18 horas.<br \/>\n<strong>LOCAL:<\/strong> Pra\u00e7a Poeta M\u00e1rio Mattoso.<br \/>\n<strong>ENTRADA GRATUITA<\/strong><\/p>\n<p>&nbsp;<\/p>\n<p>&nbsp;<\/p>\n<p>&nbsp;<\/p>\n","protected":false},"excerpt":{"rendered":"<p>Evento deste ano acontece na Pra\u00e7a da Esta\u00e7\u00e3o, com mais de 100 empreenderes inscritos entre comerciantes, prestadores de servi\u00e7os e<\/p>\n","protected":false},"author":1,"featured_media":2253,"comment_status":"closed","ping_status":"open","sticky":false,"template":"","format":"standard","meta":{"footnotes":""},"categories":[47,52,60],"tags":[],"class_list":["post-2252","post","type-post","status-publish","format-standard","has-post-thumbnail","hentry","category-desenvovimento","category-latest","category-turismo"],"_links":{"self":[{"href":"https:\/\/www.santaritadopassaquatro.sp.gov.br\/portal\/wp-json\/wp\/v2\/posts\/2252","targetHints":{"allow":["GET"]}}],"collection":[{"href":"https:\/\/www.santaritadopassaquatro.sp.gov.br\/portal\/wp-json\/wp\/v2\/posts"}],"about":[{"href":"https:\/\/www.santaritadopassaquatro.sp.gov.br\/portal\/wp-json\/wp\/v2\/types\/post"}],"author":[{"embeddable":true,"href":"https:\/\/www.santaritadopassaquatro.sp.gov.br\/portal\/wp-json\/wp\/v2\/users\/1"}],"replies":[{"embeddable":true,"href":"https:\/\/www.santaritadopassaquatro.sp.gov.br\/portal\/wp-json\/wp\/v2\/comments?post=2252"}],"version-history":[{"count":0,"href":"https:\/\/www.santaritadopassaquatro.sp.gov.br\/portal\/wp-json\/wp\/v2\/posts\/2252\/revisions"}],"wp:featuredmedia":[{"embeddable":true,"href":"https:\/\/www.santaritadopassaquatro.sp.gov.br\/portal\/wp-json\/wp\/v2\/media\/2253"}],"wp:attachment":[{"href":"https:\/\/www.santaritadopassaquatro.sp.gov.br\/portal\/wp-json\/wp\/v2\/media?parent=2252"}],"wp:term":[{"taxonomy":"category","embeddable":true,"href":"https:\/\/www.santaritadopassaquatro.sp.gov.br\/portal\/wp-json\/wp\/v2\/categories?post=2252"},{"taxonomy":"post_tag","embeddable":true,"href":"https:\/\/www.santaritadopassaquatro.sp.gov.br\/portal\/wp-json\/wp\/v2\/tags?post=2252"}],"curies":[{"name":"wp","href":"https:\/\/api.w.org\/{rel}","templated":true}]}}