{"id":2273,"date":"2019-09-19T15:55:24","date_gmt":"2019-09-19T18:55:24","guid":{"rendered":"http:\/\/www.santaritadopassaquatro.sp.gov.br\/portal\/?p=2273"},"modified":"2019-09-19T15:55:24","modified_gmt":"2019-09-19T18:55:24","slug":"concurso-e-desfiles-de-bandas-e-atracao-do-fim-de-semana-no-58o-festival-zequinha-de-abreu","status":"publish","type":"post","link":"https:\/\/www.santaritadopassaquatro.sp.gov.br\/portal\/concurso-e-desfiles-de-bandas-e-atracao-do-fim-de-semana-no-58o-festival-zequinha-de-abreu\/","title":{"rendered":"Concurso e desfiles de bandas \u00e9 atra\u00e7\u00e3o do fim de semana no 58\u00ba Festival Zequinha de Abreu"},"content":{"rendered":"<p><strong><em>Evento come\u00e7ou na \u00faltima quarta-feira, com Banda da Policia Militar e projeto Choro da Casa <\/em><\/strong><\/p>\n<p><strong><em>\u00a0<\/em><\/strong><\/p>\n<figure id=\"attachment_2274\" aria-describedby=\"caption-attachment-2274\" style=\"width: 352px\" class=\"wp-caption alignleft\"><img decoding=\"async\" class=\"wp-image-2274\" src=\"http:\/\/www.santaritadopassaquatro.sp.gov.br\/portal\/wp-content\/uploads\/2019\/09\/58_Fest_Zequinha_foto1_choro_casa-300x200.jpg\" alt=\"\" width=\"352\" height=\"246\" \/><figcaption id=\"caption-attachment-2274\" class=\"wp-caption-text\"><span style=\"color: #999999; font-size: 8pt;\"><em><strong>Equipe do Departamento de Cultura, com a vice-prefeita Maria Rita e m\u00fasicos que se apresentaram na noite de quarta-feira (AssCom\/Divulga\u00e7\u00e3o)<\/strong><\/em><\/span><\/figcaption><\/figure>\n<p>Santa Rita do Passa Quatro deve receber mais de 1500 m\u00fasicos de todo Estado de S\u00e3o Paulo, no fim de semana, quando acontece o concurso e desfile de bandas, no encerramento do 58\u00ba Festival Zequinha de Abreu. Promovido pelo Departamento de Cultura e Turismo da Prefeitura Municipal, o evento \u00e9 uma homenagem ao compositor santa-ritense Jos\u00e9 Gomes de Abreu, que ficou mundialmente conhecido pela sua obra.<\/p>\n<figure id=\"attachment_2275\" aria-describedby=\"caption-attachment-2275\" style=\"width: 300px\" class=\"wp-caption alignright\"><img decoding=\"async\" class=\"wp-image-2275 size-medium\" src=\"http:\/\/www.santaritadopassaquatro.sp.gov.br\/portal\/wp-content\/uploads\/2019\/09\/58_Fest_Zequinha_foto2_choro-300x200.jpg\" alt=\"\" width=\"300\" height=\"200\" srcset=\"https:\/\/www.santaritadopassaquatro.sp.gov.br\/portal\/wp-content\/uploads\/2019\/09\/58_Fest_Zequinha_foto2_choro-300x200.jpg 300w, https:\/\/www.santaritadopassaquatro.sp.gov.br\/portal\/wp-content\/uploads\/2019\/09\/58_Fest_Zequinha_foto2_choro-768x512.jpg 768w, https:\/\/www.santaritadopassaquatro.sp.gov.br\/portal\/wp-content\/uploads\/2019\/09\/58_Fest_Zequinha_foto2_choro-1024x683.jpg 1024w\" sizes=\"(max-width: 300px) 100vw, 300px\" \/><figcaption id=\"caption-attachment-2275\" class=\"wp-caption-text\"><span style=\"color: #999999; font-size: 8pt;\"><strong><em>Apresenta\u00e7\u00e3o do projeto Choro da Casa, durante abertura do 58\u00ba Festival Zequinha de Abreu (AssCom\/Divulga\u00e7\u00e3o)<\/em><\/strong><\/span><\/figcaption><\/figure>\n<p>A programa\u00e7\u00e3o do fim semana come\u00e7a na sexta-feira (20\/9) com os Filhos da Cidade e em seguida o Conjunto \u00c1gua de Vint\u00e9m, um dos principais grupos de choro do Brasil, \u00e0 partir das 19h30, na pra\u00e7a Poeta M\u00e1rio Mattoso (Esta\u00e7\u00e3o).<\/p>\n<p>No s\u00e1bado, tamb\u00e9m \u00e0s 19h30, na pra\u00e7a Poeta M\u00e1rio Mattoso, come\u00e7a 16\u00ba Campeonato Estadual de Fanfarras e Bandas, o Paulist\u00e3o, promovido pela Federa\u00e7\u00e3o das Fanfarras e Bandas do Estado de S\u00e3o Paulo (Ffabesp), com as bandas musicais de concerto.<\/p>\n<p>O Paulist\u00e3o continua no domingo, \u00e0 partir das 8 horas da manh\u00e3, ainda na Pra\u00e7a Poeta M\u00e1rio Mattoso (Esta\u00e7\u00e3o). Em seguida, \u00e0 partir das 16 horas, haver\u00e1 desfile de bandas e fanfarras pela Avenida Severino Meirelles.<\/p>\n<p>&nbsp;<\/p>\n<p><strong>O FESTIVAL<\/strong><\/p>\n<figure id=\"attachment_2276\" aria-describedby=\"caption-attachment-2276\" style=\"width: 392px\" class=\"wp-caption alignleft\"><img decoding=\"async\" class=\"wp-image-2276 \" src=\"http:\/\/www.santaritadopassaquatro.sp.gov.br\/portal\/wp-content\/uploads\/2019\/09\/58_Fest_Zequinha_foto3_homenagem-300x200.jpg\" alt=\"\" width=\"392\" height=\"253\" \/><figcaption id=\"caption-attachment-2276\" class=\"wp-caption-text\"><span style=\"font-size: 8pt; color: #999999;\"><em><strong>Diretor de Cultura e Turismo, a vice-prefeita e neta de Zequinha de Abreu, durante homenagem nesta quinta-feira (AssCom\/Divulga\u00e7\u00e3o)<\/strong><\/em><\/span><\/figcaption><\/figure>\n<p>58\u00ba Festival Zequinha de Abreu come\u00e7ou na \u00faltima quarta-feira (18\/9) com programa\u00e7\u00e3o logo pela manh\u00e3, quando a Banda da Policia Militar, de Ribeir\u00e3o Preto, se apresentou na Concha Ac\u00fastica, para alunos das escolas p\u00fablicas e privadas e a APAE. A noite, o Projeto Choro da Casa, tamb\u00e9m de Ribeir\u00e3o Preto, se apresentou na Pra\u00e7a Poeta M\u00e1rio Mattoso, com os m\u00fasicos convidados Caio de Souza e Mateus Marques.<\/p>\n<p>O evento tamb\u00e9m contou com uma homenagem a Zequinha de Abreu, na quinta-feira (19\/5), dia do seu anivers\u00e1rio, na pra\u00e7a que leva o seu nome, no centro da cidade, onde est\u00e1 seu busto e est\u00e3o depositados os seus restos mortais desde 2004. \u00a0A noite a programa\u00e7\u00e3o voltou para a pra\u00e7a Mario Mattoso, que recebeu \u00e0 Banda Zequinha de Abreu e o Coral Prof. Oct\u00e1vio Bueno de Camargo.<\/p>\n<p>Mais uma vez, o festival contou com a presen\u00e7a da neta de Zequinha de Abreu, Marise de Abreu Magioni.<\/p>\n<p><strong>\u00a0<\/strong><\/p>\n<p><strong>O HOMENAGEADO <\/strong><\/p>\n<p>Reconhecido internacionalmente por composi\u00e7\u00f5es como \u201cTico-tico no Fub\u00e1\u201d, imortalizada por Carmen Miranda, em uma produ\u00e7\u00e3o dos est\u00fadios Disney, Jos\u00e9 Gomes de Abreu nasceu em Santa Rita do Passa Quatro, em 19 de setembro de 1880, e faleceu em S\u00e3o Paulo, no dia 22 de Janeiro de 1935.<\/p>\n<p><strong>\u00a0<\/strong><\/p>\n<p><strong>58\u00ba FESTIVAL ZEQUINHA DE ABREU <\/strong><\/p>\n<p><strong>PROGRAMA\u00c7\u00c3O DO FIM DE SEMANA<\/strong><\/p>\n<p><strong>20\/09 &#8211; SEXTA-FEIRA<br \/>\n19h30: <\/strong>Filhos da Cidade.<strong><br \/>\n21 horas: <\/strong>Conjunto \u00c1gua de Vint\u00e9m.<strong><br \/>\nLocal: <\/strong>Pra\u00e7a Poeta M\u00e1rio Mattoso (Esta\u00e7\u00e3o).<\/p>\n<p><strong>21\/09 &#8211; S\u00c1BADO<br \/>\n19H30: <\/strong>Concerto de Bandas Musicais e 16\u00ba Paulist\u00e3o de Bandas e Fanfarras.<strong><br \/>\nLocal: <\/strong>Pra\u00e7a Poeta M\u00e1rio Mattoso (Esta\u00e7\u00e3o)<\/p>\n<p><strong>22\/09 &#8211; DOMINGO<br \/>\n8 horas: <\/strong>16\u00ba Paulist\u00e3o de Bandas e Fanfarras.<br \/>\n<strong>Local: <\/strong>Pra\u00e7a Poeta M\u00e1rio Mattoso (Esta\u00e7\u00e3o).<br \/>\n<strong>16 horas: <\/strong>Desfile de bandas e fanfarras.<br \/>\n<strong>Local: <\/strong>Av. Severino Meirelles.<\/p>\n<p><strong>TODOS OS DIAS<br \/>\n<\/strong>Exposi\u00e7\u00e3o \u201cDa Flor da Pele ao Tico-tico no Fub\u00e1\u201d<br \/>\n<strong>Local: <\/strong>Museu Zequinha de Abreu &#8211; (Esta\u00e7\u00e3o).<br \/>\n9h \u00e0s 11h \u00e0s 13h \u00e0s 16h Segunda a sexta<br \/>\ns\u00e1bados, domingos e feriados: 9h \u00e0s 12h<\/p>\n<p><strong>EVENTOS GRATUITOS<\/strong><\/p>\n<p>&nbsp;<\/p>\n<p>&nbsp;<\/p>\n<p>&nbsp;<\/p>\n<p>&nbsp;<\/p>\n<p>&nbsp;<\/p>\n<p>&nbsp;<\/p>\n<p>&nbsp;<\/p>\n","protected":false},"excerpt":{"rendered":"<p>Evento come\u00e7ou na \u00faltima quarta-feira, com Banda da Policia Militar e projeto Choro da Casa \u00a0 Santa Rita do Passa<\/p>\n","protected":false},"author":1,"featured_media":2276,"comment_status":"closed","ping_status":"open","sticky":false,"template":"","format":"standard","meta":{"footnotes":""},"categories":[46,52,60],"tags":[],"class_list":["post-2273","post","type-post","status-publish","format-standard","has-post-thumbnail","hentry","category-cultura","category-latest","category-turismo"],"_links":{"self":[{"href":"https:\/\/www.santaritadopassaquatro.sp.gov.br\/portal\/wp-json\/wp\/v2\/posts\/2273","targetHints":{"allow":["GET"]}}],"collection":[{"href":"https:\/\/www.santaritadopassaquatro.sp.gov.br\/portal\/wp-json\/wp\/v2\/posts"}],"about":[{"href":"https:\/\/www.santaritadopassaquatro.sp.gov.br\/portal\/wp-json\/wp\/v2\/types\/post"}],"author":[{"embeddable":true,"href":"https:\/\/www.santaritadopassaquatro.sp.gov.br\/portal\/wp-json\/wp\/v2\/users\/1"}],"replies":[{"embeddable":true,"href":"https:\/\/www.santaritadopassaquatro.sp.gov.br\/portal\/wp-json\/wp\/v2\/comments?post=2273"}],"version-history":[{"count":0,"href":"https:\/\/www.santaritadopassaquatro.sp.gov.br\/portal\/wp-json\/wp\/v2\/posts\/2273\/revisions"}],"wp:featuredmedia":[{"embeddable":true,"href":"https:\/\/www.santaritadopassaquatro.sp.gov.br\/portal\/wp-json\/wp\/v2\/media\/2276"}],"wp:attachment":[{"href":"https:\/\/www.santaritadopassaquatro.sp.gov.br\/portal\/wp-json\/wp\/v2\/media?parent=2273"}],"wp:term":[{"taxonomy":"category","embeddable":true,"href":"https:\/\/www.santaritadopassaquatro.sp.gov.br\/portal\/wp-json\/wp\/v2\/categories?post=2273"},{"taxonomy":"post_tag","embeddable":true,"href":"https:\/\/www.santaritadopassaquatro.sp.gov.br\/portal\/wp-json\/wp\/v2\/tags?post=2273"}],"curies":[{"name":"wp","href":"https:\/\/api.w.org\/{rel}","templated":true}]}}