{"id":2288,"date":"2019-09-24T10:02:00","date_gmt":"2019-09-24T13:02:00","guid":{"rendered":"http:\/\/www.santaritadopassaquatro.sp.gov.br\/portal\/?p=2288"},"modified":"2019-09-24T10:02:00","modified_gmt":"2019-09-24T13:02:00","slug":"atividades-no-espaco-verde-com-alunos-do-3o-ano-da-emef-madre-carmelita","status":"publish","type":"post","link":"https:\/\/www.santaritadopassaquatro.sp.gov.br\/portal\/atividades-no-espaco-verde-com-alunos-do-3o-ano-da-emef-madre-carmelita\/","title":{"rendered":"Atividades no Espa\u00e7o Verde com alunos do 3\u00ba ano da EMEF Madre Carmelita"},"content":{"rendered":"<p><img decoding=\"async\" class=\"alignnone size-medium wp-image-2289 alignleft\" src=\"http:\/\/www.santaritadopassaquatro.sp.gov.br\/portal\/wp-content\/uploads\/2019\/09\/sala-verde-quinta-12-09-300x225.jpg\" alt=\"\" width=\"300\" height=\"225\" srcset=\"https:\/\/www.santaritadopassaquatro.sp.gov.br\/portal\/wp-content\/uploads\/2019\/09\/sala-verde-quinta-12-09-300x225.jpg 300w, https:\/\/www.santaritadopassaquatro.sp.gov.br\/portal\/wp-content\/uploads\/2019\/09\/sala-verde-quinta-12-09-768x576.jpg 768w, https:\/\/www.santaritadopassaquatro.sp.gov.br\/portal\/wp-content\/uploads\/2019\/09\/sala-verde-quinta-12-09-1024x768.jpg 1024w\" sizes=\"(max-width: 300px) 100vw, 300px\" \/>Na quinta-feira, 12 de setembro de 2019, o Espa\u00e7o Verde, localizado na Biblioteca Municipal, recebeu os alunos do 3\u00ba ano B e C da escola municipal &#8220;Madre Carmelita&#8221;. As professoras Rosimeire e Carla acompanharam os 44 alunos que participaram de uma aula pr\u00e1tica sobre biodiversidade com a Engenheira Qu\u00edmica Ana Vict\u00f3ria, que trabalha no Departamento de Agricultura e Meio Ambiente.<\/p>\n<p>Durante a aula foram abordados temas relacionados ao meio ambiente como biodiversidade, reciclagem, polui\u00e7\u00e3o, extin\u00e7\u00e3o de esp\u00e9cies, ao final da aula foi realizada brincadeiras para fixar o aprendizado.<\/p>\n<p>As atividades desenvolvidas no Espa\u00e7o Verde est\u00e3o previstas nas diretivas do Programa Munic\u00edpio Verde Azul, o local est\u00e1 aberto \u00e0 visita\u00e7\u00e3o de toda a popula\u00e7\u00e3o e as atividades desenvolvidas podem ser pr\u00e9-agendadas no Departamento de Agricultura e Meio Ambiente na Prefeitura Municipal.<\/p>\n","protected":false},"excerpt":{"rendered":"<p>Na quinta-feira, 12 de setembro de 2019, o Espa\u00e7o Verde, localizado na Biblioteca Municipal, recebeu os alunos do 3\u00ba ano<\/p>\n","protected":false},"author":1,"featured_media":2289,"comment_status":"closed","ping_status":"open","sticky":false,"template":"","format":"standard","meta":{"footnotes":""},"categories":[32],"tags":[],"class_list":["post-2288","post","type-post","status-publish","format-standard","has-post-thumbnail","hentry","category-merenda-escolar"],"_links":{"self":[{"href":"https:\/\/www.santaritadopassaquatro.sp.gov.br\/portal\/wp-json\/wp\/v2\/posts\/2288","targetHints":{"allow":["GET"]}}],"collection":[{"href":"https:\/\/www.santaritadopassaquatro.sp.gov.br\/portal\/wp-json\/wp\/v2\/posts"}],"about":[{"href":"https:\/\/www.santaritadopassaquatro.sp.gov.br\/portal\/wp-json\/wp\/v2\/types\/post"}],"author":[{"embeddable":true,"href":"https:\/\/www.santaritadopassaquatro.sp.gov.br\/portal\/wp-json\/wp\/v2\/users\/1"}],"replies":[{"embeddable":true,"href":"https:\/\/www.santaritadopassaquatro.sp.gov.br\/portal\/wp-json\/wp\/v2\/comments?post=2288"}],"version-history":[{"count":1,"href":"https:\/\/www.santaritadopassaquatro.sp.gov.br\/portal\/wp-json\/wp\/v2\/posts\/2288\/revisions"}],"predecessor-version":[{"id":2290,"href":"https:\/\/www.santaritadopassaquatro.sp.gov.br\/portal\/wp-json\/wp\/v2\/posts\/2288\/revisions\/2290"}],"wp:featuredmedia":[{"embeddable":true,"href":"https:\/\/www.santaritadopassaquatro.sp.gov.br\/portal\/wp-json\/wp\/v2\/media\/2289"}],"wp:attachment":[{"href":"https:\/\/www.santaritadopassaquatro.sp.gov.br\/portal\/wp-json\/wp\/v2\/media?parent=2288"}],"wp:term":[{"taxonomy":"category","embeddable":true,"href":"https:\/\/www.santaritadopassaquatro.sp.gov.br\/portal\/wp-json\/wp\/v2\/categories?post=2288"},{"taxonomy":"post_tag","embeddable":true,"href":"https:\/\/www.santaritadopassaquatro.sp.gov.br\/portal\/wp-json\/wp\/v2\/tags?post=2288"}],"curies":[{"name":"wp","href":"https:\/\/api.w.org\/{rel}","templated":true}]}}