{"id":2291,"date":"2019-09-24T10:03:30","date_gmt":"2019-09-24T13:03:30","guid":{"rendered":"http:\/\/www.santaritadopassaquatro.sp.gov.br\/portal\/?p=2291"},"modified":"2019-09-24T10:03:30","modified_gmt":"2019-09-24T13:03:30","slug":"reuniao-com-moradores-para-prevencao-a-queimada-urbana","status":"publish","type":"post","link":"https:\/\/www.santaritadopassaquatro.sp.gov.br\/portal\/reuniao-com-moradores-para-prevencao-a-queimada-urbana\/","title":{"rendered":"Reuni\u00e3o com moradores para preven\u00e7\u00e3o \u00e0 Queimada Urbana"},"content":{"rendered":"<p><img decoding=\"async\" class=\"alignnone size-medium wp-image-2292 alignleft\" src=\"http:\/\/www.santaritadopassaquatro.sp.gov.br\/portal\/wp-content\/uploads\/2019\/09\/preven\u00e7\u00e3o-queimada-urbana-300x225.jpg\" alt=\"\" width=\"300\" height=\"225\" srcset=\"https:\/\/www.santaritadopassaquatro.sp.gov.br\/portal\/wp-content\/uploads\/2019\/09\/preven\u00e7\u00e3o-queimada-urbana-300x225.jpg 300w, https:\/\/www.santaritadopassaquatro.sp.gov.br\/portal\/wp-content\/uploads\/2019\/09\/preven\u00e7\u00e3o-queimada-urbana-768x576.jpg 768w, https:\/\/www.santaritadopassaquatro.sp.gov.br\/portal\/wp-content\/uploads\/2019\/09\/preven\u00e7\u00e3o-queimada-urbana-1024x768.jpg 1024w\" sizes=\"(max-width: 300px) 100vw, 300px\" \/>Na sexta-feira dia 13 de setembro de 2019, o diretor do Departamento de Agricultura e Meio Ambiente Rodrigo Torres Cardoso, esteve presente no bairro S\u00e3o Lu\u00eds, pr\u00f3ximo \u00e0 capela &#8220;S\u00e3o Jos\u00e9 Oper\u00e1rio&#8221; para conversar com moradores locais que acompanham j\u00e1 h\u00e1 algum tempo uma \u00e1rea &#8220;viciada&#8221; na quest\u00e3o de queimada urbana.<\/p>\n<p>Para tentar amenizar a ocorr\u00eancia dessa queimadas que afetam diretamente os moradores dessa regi\u00e3o, foram passadas informa\u00e7\u00f5es de como proceder em caso de novas queimadas, o telefone de contato da Garagem Municipal e o n\u00famero da Lei 3.471 de 19 de junho de 2019, para deix\u00e1-los informados sobre.<\/p>\n<p>Ao final da reuni\u00e3o foi firmada uma parceria entre o Departamento de Agricultura e Meio Ambiente e os moradores para que a \u00e1rea fosse reflorestada, os moradores escolher\u00e3o as mudas que ser\u00e3o plantadas pelo departamento e se comprometer\u00e3o \u00e0 cuidar dessas mudas para que assim ocorra a regenera\u00e7\u00e3o da \u00e1rea.<\/p>\n<p>Essa \u00e9 uma das a\u00e7\u00f5es que o Departamento vem fazendo para combater a queimada urbana no munic\u00edpio, com a ajuda da popula\u00e7\u00e3o atrav\u00e9s de den\u00fancias \u00e9 poss\u00edvel mapear \u00e1reas &#8220;viciadas&#8221;, conscientizar a popula\u00e7\u00e3o e regenerar \u00e1reas de preserva\u00e7\u00e3o permanente.<\/p>\n","protected":false},"excerpt":{"rendered":"<p>Na sexta-feira dia 13 de setembro de 2019, o diretor do Departamento de Agricultura e Meio Ambiente Rodrigo Torres Cardoso,<\/p>\n","protected":false},"author":1,"featured_media":2292,"comment_status":"closed","ping_status":"open","sticky":false,"template":"","format":"standard","meta":{"footnotes":""},"categories":[53],"tags":[],"class_list":["post-2291","post","type-post","status-publish","format-standard","has-post-thumbnail","hentry","category-meio-ambiente"],"_links":{"self":[{"href":"https:\/\/www.santaritadopassaquatro.sp.gov.br\/portal\/wp-json\/wp\/v2\/posts\/2291","targetHints":{"allow":["GET"]}}],"collection":[{"href":"https:\/\/www.santaritadopassaquatro.sp.gov.br\/portal\/wp-json\/wp\/v2\/posts"}],"about":[{"href":"https:\/\/www.santaritadopassaquatro.sp.gov.br\/portal\/wp-json\/wp\/v2\/types\/post"}],"author":[{"embeddable":true,"href":"https:\/\/www.santaritadopassaquatro.sp.gov.br\/portal\/wp-json\/wp\/v2\/users\/1"}],"replies":[{"embeddable":true,"href":"https:\/\/www.santaritadopassaquatro.sp.gov.br\/portal\/wp-json\/wp\/v2\/comments?post=2291"}],"version-history":[{"count":0,"href":"https:\/\/www.santaritadopassaquatro.sp.gov.br\/portal\/wp-json\/wp\/v2\/posts\/2291\/revisions"}],"wp:featuredmedia":[{"embeddable":true,"href":"https:\/\/www.santaritadopassaquatro.sp.gov.br\/portal\/wp-json\/wp\/v2\/media\/2292"}],"wp:attachment":[{"href":"https:\/\/www.santaritadopassaquatro.sp.gov.br\/portal\/wp-json\/wp\/v2\/media?parent=2291"}],"wp:term":[{"taxonomy":"category","embeddable":true,"href":"https:\/\/www.santaritadopassaquatro.sp.gov.br\/portal\/wp-json\/wp\/v2\/categories?post=2291"},{"taxonomy":"post_tag","embeddable":true,"href":"https:\/\/www.santaritadopassaquatro.sp.gov.br\/portal\/wp-json\/wp\/v2\/tags?post=2291"}],"curies":[{"name":"wp","href":"https:\/\/api.w.org\/{rel}","templated":true}]}}