{"id":2297,"date":"2019-09-24T10:09:12","date_gmt":"2019-09-24T13:09:12","guid":{"rendered":"http:\/\/www.santaritadopassaquatro.sp.gov.br\/portal\/?p=2297"},"modified":"2019-09-24T10:09:12","modified_gmt":"2019-09-24T13:09:12","slug":"acao-sobre-a-importancia-da-ete-na-6a-feira-do-comercio","status":"publish","type":"post","link":"https:\/\/www.santaritadopassaquatro.sp.gov.br\/portal\/acao-sobre-a-importancia-da-ete-na-6a-feira-do-comercio\/","title":{"rendered":"A\u00e7\u00e3o sobre a Import\u00e2ncia da ETE na 6\u00aa Feira do Com\u00e9rcio"},"content":{"rendered":"<p><img decoding=\"async\" class=\"alignnone size-medium wp-image-2298 alignleft\" src=\"http:\/\/www.santaritadopassaquatro.sp.gov.br\/portal\/wp-content\/uploads\/2019\/09\/Feira-ETE-300x225.jpg\" alt=\"\" width=\"300\" height=\"225\" srcset=\"https:\/\/www.santaritadopassaquatro.sp.gov.br\/portal\/wp-content\/uploads\/2019\/09\/Feira-ETE-300x225.jpg 300w, https:\/\/www.santaritadopassaquatro.sp.gov.br\/portal\/wp-content\/uploads\/2019\/09\/Feira-ETE-768x576.jpg 768w, https:\/\/www.santaritadopassaquatro.sp.gov.br\/portal\/wp-content\/uploads\/2019\/09\/Feira-ETE-1024x768.jpg 1024w\" sizes=\"(max-width: 300px) 100vw, 300px\" \/>No domingo dia 15 de setembro de 2019, foi realizada mais uma edi\u00e7\u00e3o da Feira do Com\u00e9rcio, e o Departamento de Agricultura e Meio Ambiente juntamente com COMASA (Cia de \u00c1guas de Santa Rita) esteve presente com A\u00e7\u00e3o sobre a import\u00e2ncia da ETE, para informar a popula\u00e7\u00e3o sobre a exist\u00eancia da ETE &#8220;C\u00f3rrego Marinho&#8221; e a ETE &#8220;C\u00f3rrego Capituva&#8221; e como elas s\u00e3o importantes para toda a popula\u00e7\u00e3o.<\/p>\n<p>Durante a a\u00e7\u00e3o, Analista de Laborat\u00f3rio Isabelly Girotto Pucci respons\u00e1vel pelos laborat\u00f3rios das ETEs, levou amostras e explicou como \u00e9 realizado o tratamento de esgoto no munic\u00edpio e quais an\u00e1lises s\u00e3o realizadas no laborat\u00f3rio para controle da qualidade da \u00e1gua.<\/p>\n<p>A a\u00e7\u00e3o \u00e9 importante para disseminar conhecimento e informa\u00e7\u00f5es sobre a import\u00e2ncia do tratamento de esgoto.<\/p>\n","protected":false},"excerpt":{"rendered":"<p>No domingo dia 15 de setembro de 2019, foi realizada mais uma edi\u00e7\u00e3o da Feira do Com\u00e9rcio, e o Departamento<\/p>\n","protected":false},"author":1,"featured_media":2298,"comment_status":"closed","ping_status":"open","sticky":false,"template":"","format":"standard","meta":{"footnotes":""},"categories":[53],"tags":[],"class_list":["post-2297","post","type-post","status-publish","format-standard","has-post-thumbnail","hentry","category-meio-ambiente"],"_links":{"self":[{"href":"https:\/\/www.santaritadopassaquatro.sp.gov.br\/portal\/wp-json\/wp\/v2\/posts\/2297","targetHints":{"allow":["GET"]}}],"collection":[{"href":"https:\/\/www.santaritadopassaquatro.sp.gov.br\/portal\/wp-json\/wp\/v2\/posts"}],"about":[{"href":"https:\/\/www.santaritadopassaquatro.sp.gov.br\/portal\/wp-json\/wp\/v2\/types\/post"}],"author":[{"embeddable":true,"href":"https:\/\/www.santaritadopassaquatro.sp.gov.br\/portal\/wp-json\/wp\/v2\/users\/1"}],"replies":[{"embeddable":true,"href":"https:\/\/www.santaritadopassaquatro.sp.gov.br\/portal\/wp-json\/wp\/v2\/comments?post=2297"}],"version-history":[{"count":0,"href":"https:\/\/www.santaritadopassaquatro.sp.gov.br\/portal\/wp-json\/wp\/v2\/posts\/2297\/revisions"}],"wp:featuredmedia":[{"embeddable":true,"href":"https:\/\/www.santaritadopassaquatro.sp.gov.br\/portal\/wp-json\/wp\/v2\/media\/2298"}],"wp:attachment":[{"href":"https:\/\/www.santaritadopassaquatro.sp.gov.br\/portal\/wp-json\/wp\/v2\/media?parent=2297"}],"wp:term":[{"taxonomy":"category","embeddable":true,"href":"https:\/\/www.santaritadopassaquatro.sp.gov.br\/portal\/wp-json\/wp\/v2\/categories?post=2297"},{"taxonomy":"post_tag","embeddable":true,"href":"https:\/\/www.santaritadopassaquatro.sp.gov.br\/portal\/wp-json\/wp\/v2\/tags?post=2297"}],"curies":[{"name":"wp","href":"https:\/\/api.w.org\/{rel}","templated":true}]}}