{"id":2300,"date":"2019-09-24T10:10:27","date_gmt":"2019-09-24T13:10:27","guid":{"rendered":"http:\/\/www.santaritadopassaquatro.sp.gov.br\/portal\/?p=2300"},"modified":"2019-09-24T10:10:27","modified_gmt":"2019-09-24T13:10:27","slug":"acao-sobre-queimada-urbana-na-6a-feira-do-comercio","status":"publish","type":"post","link":"https:\/\/www.santaritadopassaquatro.sp.gov.br\/portal\/acao-sobre-queimada-urbana-na-6a-feira-do-comercio\/","title":{"rendered":"A\u00e7\u00e3o sobre Queimada Urbana na 6\u00aa Feira do Com\u00e9rcio"},"content":{"rendered":"<p><img decoding=\"async\" class=\"alignnone size-medium wp-image-2301 alignleft\" src=\"http:\/\/www.santaritadopassaquatro.sp.gov.br\/portal\/wp-content\/uploads\/2019\/09\/Feira-Queimada-Urbana-300x225.jpg\" alt=\"\" width=\"300\" height=\"225\" srcset=\"https:\/\/www.santaritadopassaquatro.sp.gov.br\/portal\/wp-content\/uploads\/2019\/09\/Feira-Queimada-Urbana-300x225.jpg 300w, https:\/\/www.santaritadopassaquatro.sp.gov.br\/portal\/wp-content\/uploads\/2019\/09\/Feira-Queimada-Urbana-768x576.jpg 768w, https:\/\/www.santaritadopassaquatro.sp.gov.br\/portal\/wp-content\/uploads\/2019\/09\/Feira-Queimada-Urbana-1024x768.jpg 1024w\" sizes=\"(max-width: 300px) 100vw, 300px\" \/>No domingo dia 15 de setembro de 2019, foi realizada mais uma edi\u00e7\u00e3o da Feira do Com\u00e9rcio, e o Departamento de Agricultura e Meio Ambiente esteve presente com A\u00e7\u00e3o sobre Queimada Urbana, na ocasi\u00e3o foram distribu\u00eddos 200 panfletos explicativos sobre a Lei 3.471 de 19 de junho de 2019, onde o mun\u00edcipe encontra todas as informa\u00e7\u00f5es sobre assunto t\u00e3o importante.<\/p>\n<p>Foram distribu\u00eddos juntamente com os panfletos, 80 cadernos de colorir da Defesa Civil do Estado de S\u00e3o Paulo para as crian\u00e7as que passaram pelo estande de exposi\u00e7\u00f5es, al\u00e9m de estar presentes no local os membros da Defesa Civil do munic\u00edpio de Santa Rita do Passa Quatro.<\/p>\n<p>Estima-se que aproximadamente de 8.000 \u00e0 10.000 pessoas passaram pelo evento, conforme informa\u00e7\u00f5es da Assessoria de Imprensa.<\/p>\n<p>Essa a\u00e7\u00e3o faz parte da mobiliza\u00e7\u00e3o para preven\u00e7\u00e3o da Queimada Urbana no munic\u00edpio de Santa Rita do Passa Quatro.<\/p>\n","protected":false},"excerpt":{"rendered":"<p>No domingo dia 15 de setembro de 2019, foi realizada mais uma edi\u00e7\u00e3o da Feira do Com\u00e9rcio, e o Departamento<\/p>\n","protected":false},"author":1,"featured_media":2301,"comment_status":"closed","ping_status":"open","sticky":false,"template":"","format":"standard","meta":{"footnotes":""},"categories":[53],"tags":[],"class_list":["post-2300","post","type-post","status-publish","format-standard","has-post-thumbnail","hentry","category-meio-ambiente"],"_links":{"self":[{"href":"https:\/\/www.santaritadopassaquatro.sp.gov.br\/portal\/wp-json\/wp\/v2\/posts\/2300","targetHints":{"allow":["GET"]}}],"collection":[{"href":"https:\/\/www.santaritadopassaquatro.sp.gov.br\/portal\/wp-json\/wp\/v2\/posts"}],"about":[{"href":"https:\/\/www.santaritadopassaquatro.sp.gov.br\/portal\/wp-json\/wp\/v2\/types\/post"}],"author":[{"embeddable":true,"href":"https:\/\/www.santaritadopassaquatro.sp.gov.br\/portal\/wp-json\/wp\/v2\/users\/1"}],"replies":[{"embeddable":true,"href":"https:\/\/www.santaritadopassaquatro.sp.gov.br\/portal\/wp-json\/wp\/v2\/comments?post=2300"}],"version-history":[{"count":0,"href":"https:\/\/www.santaritadopassaquatro.sp.gov.br\/portal\/wp-json\/wp\/v2\/posts\/2300\/revisions"}],"wp:featuredmedia":[{"embeddable":true,"href":"https:\/\/www.santaritadopassaquatro.sp.gov.br\/portal\/wp-json\/wp\/v2\/media\/2301"}],"wp:attachment":[{"href":"https:\/\/www.santaritadopassaquatro.sp.gov.br\/portal\/wp-json\/wp\/v2\/media?parent=2300"}],"wp:term":[{"taxonomy":"category","embeddable":true,"href":"https:\/\/www.santaritadopassaquatro.sp.gov.br\/portal\/wp-json\/wp\/v2\/categories?post=2300"},{"taxonomy":"post_tag","embeddable":true,"href":"https:\/\/www.santaritadopassaquatro.sp.gov.br\/portal\/wp-json\/wp\/v2\/tags?post=2300"}],"curies":[{"name":"wp","href":"https:\/\/api.w.org\/{rel}","templated":true}]}}