{"id":2303,"date":"2019-09-24T10:11:58","date_gmt":"2019-09-24T13:11:58","guid":{"rendered":"http:\/\/www.santaritadopassaquatro.sp.gov.br\/portal\/?p=2303"},"modified":"2019-09-24T10:11:58","modified_gmt":"2019-09-24T13:11:58","slug":"coluna-meio-ambiente-dia-da-arvore","status":"publish","type":"post","link":"https:\/\/www.santaritadopassaquatro.sp.gov.br\/portal\/coluna-meio-ambiente-dia-da-arvore\/","title":{"rendered":"COLUNA MEIO AMBIENTE:\u00a0Dia da \u00c1rvore"},"content":{"rendered":"<p style=\"text-align: center;\"><img decoding=\"async\" class=\"alignnone size-medium wp-image-2230\" src=\"http:\/\/www.santaritadopassaquatro.sp.gov.br\/portal\/wp-content\/uploads\/2019\/09\/Coluna-Meio-Ambiente-300x116.jpg\" alt=\"\" width=\"300\" height=\"116\" srcset=\"https:\/\/www.santaritadopassaquatro.sp.gov.br\/portal\/wp-content\/uploads\/2019\/09\/Coluna-Meio-Ambiente-300x116.jpg 300w, https:\/\/www.santaritadopassaquatro.sp.gov.br\/portal\/wp-content\/uploads\/2019\/09\/Coluna-Meio-Ambiente-768x297.jpg 768w, https:\/\/www.santaritadopassaquatro.sp.gov.br\/portal\/wp-content\/uploads\/2019\/09\/Coluna-Meio-Ambiente-1024x396.jpg 1024w\" sizes=\"(max-width: 300px) 100vw, 300px\" \/><\/p>\n<p><em><strong>Biodiversidade, Educa\u00e7\u00e3o Ambiental e Sustentabilidade<br \/>\n<\/strong><\/em><strong><em>\u00a0<\/em><\/strong><\/p>\n<p><strong><em>Por: Rodrigo Torres Cardoso<\/em><\/strong><em><br \/>\nDiretor Dep. Agricultura e Meio Ambiente <\/em><\/p>\n<p>&nbsp;<\/p>\n<p>No dia 21 de setembro de 2019 \u00e9 comemorado o \u201cDia Mundial da \u00c1rvore\u201d. Tanto se fala sobre sua import\u00e2ncia, e \u00e9 chover no molhado discutir benef\u00edcios das \u00e1rvores, entretanto ainda continua sendo necess\u00e1rio se fazer um processo de conscientiza\u00e7\u00e3o aos menos informados. Em muita evidencia nos dias de hoje, a Amaz\u00f4nia tem como principal caracter\u00edstica sua colossal forma\u00e7\u00e3o vegetal, e \u00e9 um erro afirmar que ela se trata do \u201cpulm\u00e3o do mundo\u201d, isso porque o oxig\u00eanio que respiramos \u00e9 proveniente, em sua maior parte, da fotoss\u00edntese realizada por algas oce\u00e2nicas, ent\u00e3o qual seria a import\u00e2ncia da Amaz\u00f4nia? Caro leitor, sem ela a vida no planeta seria muito complicada, e nada seria como \u00e9 hoje, j\u00e1 que ela \u00e9 um forte agente regulador do clima do planeta, mantendo temperaturas adequadas, garantindo chuvas e umidade do ar, al\u00e9m de manter a maior biodiversidade do mundo, e como j\u00e1 apresentado anteriormente, a biodiversidade (Variedade de seres vivos), tamb\u00e9m ajuda a manter, cada esp\u00e9cie com sua fun\u00e7\u00e3o, as condi\u00e7\u00f5es adequadas \u00e0 manuten\u00e7\u00e3o de todo o ecossistema.<\/p>\n<p>Voltando \u00e0s arvores, toda a import\u00e2ncia da Amaz\u00f4nia se deve \u00e0 sua presen\u00e7a, e elas s\u00e3o t\u00e3o fundamentais que tem um dia s\u00f3 delas, e para comemorar esse dia, o departamento de Agricultura e Meio Ambiente far\u00e1, no dia 24\/09\/2019, um plantio na represa de capta\u00e7\u00e3o de \u00e1gua municipal, as 08:30h.\u00a0 O evento contar\u00e1 com participa\u00e7\u00e3o da COMASA, alunos de educa\u00e7\u00e3o ambiental e fica o convite para toda popula\u00e7\u00e3o p\u00f4r a m\u00e3o na massa e plantar uma \u00e1rvore, contribuindo para a melhoria do ecossistema local.<\/p>\n<p>&nbsp;<\/p>\n<p>&nbsp;<\/p>\n","protected":false},"excerpt":{"rendered":"<p>Biodiversidade, Educa\u00e7\u00e3o Ambiental e Sustentabilidade \u00a0 Por: Rodrigo Torres Cardoso Diretor Dep. Agricultura e Meio Ambiente &nbsp; No dia 21<\/p>\n","protected":false},"author":1,"featured_media":2230,"comment_status":"closed","ping_status":"open","sticky":false,"template":"","format":"standard","meta":{"footnotes":""},"categories":[53],"tags":[],"class_list":["post-2303","post","type-post","status-publish","format-standard","has-post-thumbnail","hentry","category-meio-ambiente"],"_links":{"self":[{"href":"https:\/\/www.santaritadopassaquatro.sp.gov.br\/portal\/wp-json\/wp\/v2\/posts\/2303","targetHints":{"allow":["GET"]}}],"collection":[{"href":"https:\/\/www.santaritadopassaquatro.sp.gov.br\/portal\/wp-json\/wp\/v2\/posts"}],"about":[{"href":"https:\/\/www.santaritadopassaquatro.sp.gov.br\/portal\/wp-json\/wp\/v2\/types\/post"}],"author":[{"embeddable":true,"href":"https:\/\/www.santaritadopassaquatro.sp.gov.br\/portal\/wp-json\/wp\/v2\/users\/1"}],"replies":[{"embeddable":true,"href":"https:\/\/www.santaritadopassaquatro.sp.gov.br\/portal\/wp-json\/wp\/v2\/comments?post=2303"}],"version-history":[{"count":0,"href":"https:\/\/www.santaritadopassaquatro.sp.gov.br\/portal\/wp-json\/wp\/v2\/posts\/2303\/revisions"}],"wp:featuredmedia":[{"embeddable":true,"href":"https:\/\/www.santaritadopassaquatro.sp.gov.br\/portal\/wp-json\/wp\/v2\/media\/2230"}],"wp:attachment":[{"href":"https:\/\/www.santaritadopassaquatro.sp.gov.br\/portal\/wp-json\/wp\/v2\/media?parent=2303"}],"wp:term":[{"taxonomy":"category","embeddable":true,"href":"https:\/\/www.santaritadopassaquatro.sp.gov.br\/portal\/wp-json\/wp\/v2\/categories?post=2303"},{"taxonomy":"post_tag","embeddable":true,"href":"https:\/\/www.santaritadopassaquatro.sp.gov.br\/portal\/wp-json\/wp\/v2\/tags?post=2303"}],"curies":[{"name":"wp","href":"https:\/\/api.w.org\/{rel}","templated":true}]}}