{"id":2305,"date":"2019-09-24T10:18:02","date_gmt":"2019-09-24T13:18:02","guid":{"rendered":"http:\/\/www.santaritadopassaquatro.sp.gov.br\/portal\/?p=2305"},"modified":"2019-09-24T10:18:02","modified_gmt":"2019-09-24T13:18:02","slug":"peca-a-descoberta-de-quim-labareda-teve-duas-apresentacoes-gratuitas","status":"publish","type":"post","link":"https:\/\/www.santaritadopassaquatro.sp.gov.br\/portal\/peca-a-descoberta-de-quim-labareda-teve-duas-apresentacoes-gratuitas\/","title":{"rendered":"Pe\u00e7a \u201cA Descoberta de Quim Labareda\u201d teve duas apresenta\u00e7\u00f5es gratuitas"},"content":{"rendered":"<p><strong><em>Com apoio da Comasa, espet\u00e1culo infantil que discute os riscos das queimadas,<\/em><\/strong> <strong><em>foi<\/em><\/strong> <strong><em>apresentado no<\/em><\/strong> <strong><em>Centro Cultural Mario Covas para estudantes da rede municipal <\/em><\/strong><\/p>\n<p>&nbsp;<\/p>\n<p><img decoding=\"async\" class=\"alignnone size-medium wp-image-2306 alignleft\" src=\"http:\/\/www.santaritadopassaquatro.sp.gov.br\/portal\/wp-content\/uploads\/2019\/09\/teatro_queimadas-300x200.jpg\" alt=\"\" width=\"300\" height=\"200\" srcset=\"https:\/\/www.santaritadopassaquatro.sp.gov.br\/portal\/wp-content\/uploads\/2019\/09\/teatro_queimadas-300x200.jpg 300w, https:\/\/www.santaritadopassaquatro.sp.gov.br\/portal\/wp-content\/uploads\/2019\/09\/teatro_queimadas-768x512.jpg 768w, https:\/\/www.santaritadopassaquatro.sp.gov.br\/portal\/wp-content\/uploads\/2019\/09\/teatro_queimadas-1024x683.jpg 1024w\" sizes=\"(max-width: 300px) 100vw, 300px\" \/>O Centro Cultural Mario Covas de Santa Rita do Passa Quatro, recebeu na \u00faltima ter\u00e7a-feira (17\/9) a pe\u00e7a teatral \u201cA descoberta de Quim Labareda\u201d. A pe\u00e7a foi apresentada em dois hor\u00e1rios para alunos das EMEF Madre Carmelita e Francisco Ribeiro, al\u00e9m dos alunos do projeto contra turno da EMEF do CAIC Laura Suriani Barbuio.<\/p>\n<p>O projeto \u00e9 realizado pelo Minist\u00e9rio da Cidadania, por meio da Lei de Incentivo \u00e0 Cultura, com patroc\u00ednio da Companhia \u00c1guas de Santa Rita (COMASA) e produ\u00e7\u00e3o do Grupo Komedi.<\/p>\n<p>O espet\u00e1culo conta a hist\u00f3ria de Quim Labareda, uma pequena fagulha, que \u00e9 filho de dona Chama e senhor Candeia, que fazem parte da fam\u00edlia do Fogo. No espet\u00e1culo, o personagem central, mostra os perigos que as queimadas, seja de lixo ou de pequenos campos de agricultura informal pr\u00f3ximos as cidades, podem causar nas rodovias, aeroportos, meio ambiente e at\u00e9 para as pessoas. Labareda alerta aos espectadores que \u00e9 poss\u00edvel fazer o uso do fogo desde que haja equil\u00edbrio e responsabilidade. A pe\u00e7a faz uso de m\u00fasica, dan\u00e7as e fantoches para tornar os personagens mais atrativos.<\/p>\n<p>No primeiro trimestre deste ano, foram registrados 220 inc\u00eandios ou queimadas no Estado de S\u00e3o Paulo, segundo o Instituto Nacional de Pesquisas Espaciais (Inpe). No mesmo per\u00edodo do ano anterior, foram 193.<\/p>\n<p>\u201cAs queimadas representam um risco real no campo e na cidade. \u00c9 importante abordar esse assunto nas comunidades. Apostamos na cultura para divertir e ao mesmo tempo informar as pessoas de Santa Rita do Passa Quatro\u201d, ressalta Fellipe Rossi, supervisor de eventos do Grupo Komedi. O espet\u00e1culo faz uso de m\u00fasica, dan\u00e7as e fantoches para tornar os personagens mais atrativos.<\/p>\n<p><strong>\u00a0<\/strong><\/p>\n<p><strong>Foto:<\/strong> <em>A pe\u00e7a \u201cA descoberta de Quim Labareda\u201d apresenta apara alunos da rede municipal na \u00faltima ter\u00e7a-feira<\/em> <em>\u00a0(AssCom\/Divulga\u00e7\u00e3o)<\/em><\/p>\n<p><em>\u00a0<\/em><\/p>\n<p>&nbsp;<\/p>\n<p>&nbsp;<\/p>\n<p>&nbsp;<\/p>\n","protected":false},"excerpt":{"rendered":"<p>Com apoio da Comasa, espet\u00e1culo infantil que discute os riscos das queimadas, foi apresentado no Centro Cultural Mario Covas para<\/p>\n","protected":false},"author":1,"featured_media":2306,"comment_status":"closed","ping_status":"open","sticky":false,"template":"","format":"standard","meta":{"footnotes":""},"categories":[46,28,53],"tags":[],"class_list":["post-2305","post","type-post","status-publish","format-standard","has-post-thumbnail","hentry","category-cultura","category-educacao","category-meio-ambiente"],"_links":{"self":[{"href":"https:\/\/www.santaritadopassaquatro.sp.gov.br\/portal\/wp-json\/wp\/v2\/posts\/2305","targetHints":{"allow":["GET"]}}],"collection":[{"href":"https:\/\/www.santaritadopassaquatro.sp.gov.br\/portal\/wp-json\/wp\/v2\/posts"}],"about":[{"href":"https:\/\/www.santaritadopassaquatro.sp.gov.br\/portal\/wp-json\/wp\/v2\/types\/post"}],"author":[{"embeddable":true,"href":"https:\/\/www.santaritadopassaquatro.sp.gov.br\/portal\/wp-json\/wp\/v2\/users\/1"}],"replies":[{"embeddable":true,"href":"https:\/\/www.santaritadopassaquatro.sp.gov.br\/portal\/wp-json\/wp\/v2\/comments?post=2305"}],"version-history":[{"count":1,"href":"https:\/\/www.santaritadopassaquatro.sp.gov.br\/portal\/wp-json\/wp\/v2\/posts\/2305\/revisions"}],"predecessor-version":[{"id":2307,"href":"https:\/\/www.santaritadopassaquatro.sp.gov.br\/portal\/wp-json\/wp\/v2\/posts\/2305\/revisions\/2307"}],"wp:featuredmedia":[{"embeddable":true,"href":"https:\/\/www.santaritadopassaquatro.sp.gov.br\/portal\/wp-json\/wp\/v2\/media\/2306"}],"wp:attachment":[{"href":"https:\/\/www.santaritadopassaquatro.sp.gov.br\/portal\/wp-json\/wp\/v2\/media?parent=2305"}],"wp:term":[{"taxonomy":"category","embeddable":true,"href":"https:\/\/www.santaritadopassaquatro.sp.gov.br\/portal\/wp-json\/wp\/v2\/categories?post=2305"},{"taxonomy":"post_tag","embeddable":true,"href":"https:\/\/www.santaritadopassaquatro.sp.gov.br\/portal\/wp-json\/wp\/v2\/tags?post=2305"}],"curies":[{"name":"wp","href":"https:\/\/api.w.org\/{rel}","templated":true}]}}