{"id":2320,"date":"2019-09-24T10:29:57","date_gmt":"2019-09-24T13:29:57","guid":{"rendered":"http:\/\/www.santaritadopassaquatro.sp.gov.br\/portal\/?p=2320"},"modified":"2019-09-24T10:29:57","modified_gmt":"2019-09-24T13:29:57","slug":"santa-rita-ja-esta-em-lencois-paulista-na-disputa-de-mais-uma-edicao-dos-jori","status":"publish","type":"post","link":"https:\/\/www.santaritadopassaquatro.sp.gov.br\/portal\/santa-rita-ja-esta-em-lencois-paulista-na-disputa-de-mais-uma-edicao-dos-jori\/","title":{"rendered":"Santa Rita j\u00e1 est\u00e1 em Len\u00e7\u00f3is Paulista na disputa de mais uma edi\u00e7\u00e3o dos JORI"},"content":{"rendered":"<p><strong><em>Competi\u00e7\u00e3o acontece at\u00e9 este domingo; delega\u00e7\u00e3o santa-ritense conta com 23 pessoas entre atletas e comiss\u00e3o t\u00e9cnica\u00a0 <\/em><\/strong><\/p>\n<p>&nbsp;<\/p>\n<figure id=\"attachment_2321\" aria-describedby=\"caption-attachment-2321\" style=\"width: 300px\" class=\"wp-caption alignleft\"><img decoding=\"async\" class=\"wp-image-2321 size-medium\" src=\"http:\/\/www.santaritadopassaquatro.sp.gov.br\/portal\/wp-content\/uploads\/2019\/09\/Jori_2019_abertura2-300x169.jpg\" alt=\"\" width=\"300\" height=\"169\" srcset=\"https:\/\/www.santaritadopassaquatro.sp.gov.br\/portal\/wp-content\/uploads\/2019\/09\/Jori_2019_abertura2-300x169.jpg 300w, https:\/\/www.santaritadopassaquatro.sp.gov.br\/portal\/wp-content\/uploads\/2019\/09\/Jori_2019_abertura2-768x432.jpg 768w, https:\/\/www.santaritadopassaquatro.sp.gov.br\/portal\/wp-content\/uploads\/2019\/09\/Jori_2019_abertura2-1024x576.jpg 1024w, https:\/\/www.santaritadopassaquatro.sp.gov.br\/portal\/wp-content\/uploads\/2019\/09\/Jori_2019_abertura2.jpg 1280w\" sizes=\"(max-width: 300px) 100vw, 300px\" \/><figcaption id=\"caption-attachment-2321\" class=\"wp-caption-text\"><span style=\"font-size: 8pt; color: #999999;\"><em><strong>A cerim\u00f4nia de abertura dos jogos na noite de ter\u00e7a-feira (Divulga\u00e7\u00e3o)<\/strong><\/em><\/span><\/figcaption><\/figure>\n<p>Atletas da Melhor Idade, do Departamento Municipal de Esportes (DME)de Santa Rita do Passa Quatro j\u00e1 est\u00e3o em Len\u00e7\u00f3is Paulista (SP), para disputa da 23\u00aa edi\u00e7\u00e3o dos Jogos Regionais do Idoso (JORI). A competi\u00e7\u00e3o come\u00e7ou nesta ter\u00e7a-feira (17\/9) e segue at\u00e9 este domingo (22\/9).<\/p>\n<p>Santa Rita est\u00e1 disputando nas modalidades atletismo masculino, bocha, buraco masculino e feminino, damas masculino e feminino, domin\u00f3 masculino e feminino, malha, nata\u00e7\u00e3o masculino e feminino e truco. A delega\u00e7\u00e3o de Santa Rita conta com 19 atletas e quatro membros da comiss\u00e3o t\u00e9cnica.<\/p>\n<p>Promovida pelas Secretarias de Estado de Esporte, Lazer e Juventude, Desenvolvimento Social, Educa\u00e7\u00e3o e Sa\u00fade, em parceria com o Fundo Social de Solidariedade e o munic\u00edpio, a competi\u00e7\u00e3o visa estimular a pr\u00e1tica esportiva como fator de promo\u00e7\u00e3o de sa\u00fade e bem estar, resgatando a autoestima dos idosos e estimulando sua integra\u00e7\u00e3o \u00e0 sociedade.<\/p>\n<p>Em 2018, Santa Rita conquistou a 14\u00aa coloca\u00e7\u00e3o no placar geral do 22\u00ba JORI. Entre os melhores resultados estiveram o 1\u00ba lugar no atletismo Feminino, 2\u00ba lugar no buraco masculino, 4\u00ba lugar na dama masculina, 5\u00ba lugar na dama feminina, 6\u00ba lugar no truco e 7\u00ba lugar o atletismo feminino. Ao todo, a competi\u00e7\u00e3o contou com 40 munic\u00edpios participantes.<\/p>\n<p>&nbsp;<\/p>\n<p>&nbsp;<\/p>\n<p><strong>\u00a0<\/strong><\/p>\n<p><strong>\u00a0<\/strong><\/p>\n<p><strong>\u00a0<\/strong><\/p>\n<p>&nbsp;<\/p>\n<p>&nbsp;<\/p>\n","protected":false},"excerpt":{"rendered":"<p>Competi\u00e7\u00e3o acontece at\u00e9 este domingo; delega\u00e7\u00e3o santa-ritense conta com 23 pessoas entre atletas e comiss\u00e3o t\u00e9cnica\u00a0 &nbsp; Atletas da Melhor<\/p>\n","protected":false},"author":1,"featured_media":2322,"comment_status":"closed","ping_status":"open","sticky":false,"template":"","format":"standard","meta":{"footnotes":""},"categories":[43,51],"tags":[],"class_list":["post-2320","post","type-post","status-publish","format-standard","has-post-thumbnail","hentry","category-assistenciasocial","category-sports"],"_links":{"self":[{"href":"https:\/\/www.santaritadopassaquatro.sp.gov.br\/portal\/wp-json\/wp\/v2\/posts\/2320","targetHints":{"allow":["GET"]}}],"collection":[{"href":"https:\/\/www.santaritadopassaquatro.sp.gov.br\/portal\/wp-json\/wp\/v2\/posts"}],"about":[{"href":"https:\/\/www.santaritadopassaquatro.sp.gov.br\/portal\/wp-json\/wp\/v2\/types\/post"}],"author":[{"embeddable":true,"href":"https:\/\/www.santaritadopassaquatro.sp.gov.br\/portal\/wp-json\/wp\/v2\/users\/1"}],"replies":[{"embeddable":true,"href":"https:\/\/www.santaritadopassaquatro.sp.gov.br\/portal\/wp-json\/wp\/v2\/comments?post=2320"}],"version-history":[{"count":0,"href":"https:\/\/www.santaritadopassaquatro.sp.gov.br\/portal\/wp-json\/wp\/v2\/posts\/2320\/revisions"}],"wp:featuredmedia":[{"embeddable":true,"href":"https:\/\/www.santaritadopassaquatro.sp.gov.br\/portal\/wp-json\/wp\/v2\/media\/2322"}],"wp:attachment":[{"href":"https:\/\/www.santaritadopassaquatro.sp.gov.br\/portal\/wp-json\/wp\/v2\/media?parent=2320"}],"wp:term":[{"taxonomy":"category","embeddable":true,"href":"https:\/\/www.santaritadopassaquatro.sp.gov.br\/portal\/wp-json\/wp\/v2\/categories?post=2320"},{"taxonomy":"post_tag","embeddable":true,"href":"https:\/\/www.santaritadopassaquatro.sp.gov.br\/portal\/wp-json\/wp\/v2\/tags?post=2320"}],"curies":[{"name":"wp","href":"https:\/\/api.w.org\/{rel}","templated":true}]}}