{"id":2324,"date":"2019-09-24T10:32:29","date_gmt":"2019-09-24T13:32:29","guid":{"rendered":"http:\/\/www.santaritadopassaquatro.sp.gov.br\/portal\/?p=2324"},"modified":"2019-09-24T10:32:29","modified_gmt":"2019-09-24T13:32:29","slug":"12a-conferencia-municipal-de-assistencia-social-acontece-nesta-quinta-feira","status":"publish","type":"post","link":"https:\/\/www.santaritadopassaquatro.sp.gov.br\/portal\/12a-conferencia-municipal-de-assistencia-social-acontece-nesta-quinta-feira\/","title":{"rendered":"12\u00aa Confer\u00eancia Municipal de Assist\u00eancia Social acontece nesta quinta-feira"},"content":{"rendered":"<p><strong><em>Evento no Centro Cultural Mario Covas ter\u00e1 como tema &#8220;Assistencia Social \u00e9 um Direito: Evolu\u00e7\u00e3o e Desafios dos SUAS no Estado de S\u00e3o Paulo\u201d<\/em><\/strong><\/p>\n<p>&nbsp;<\/p>\n<figure id=\"attachment_2238\" aria-describedby=\"caption-attachment-2238\" style=\"width: 300px\" class=\"wp-caption alignleft\"><img decoding=\"async\" class=\"wp-image-2238 size-medium\" src=\"http:\/\/www.santaritadopassaquatro.sp.gov.br\/portal\/wp-content\/uploads\/2019\/09\/conferencia-da-assistencia-social-300x200.jpg\" alt=\"\" width=\"300\" height=\"200\" srcset=\"https:\/\/www.santaritadopassaquatro.sp.gov.br\/portal\/wp-content\/uploads\/2019\/09\/conferencia-da-assistencia-social-300x200.jpg 300w, https:\/\/www.santaritadopassaquatro.sp.gov.br\/portal\/wp-content\/uploads\/2019\/09\/conferencia-da-assistencia-social-768x512.jpg 768w, https:\/\/www.santaritadopassaquatro.sp.gov.br\/portal\/wp-content\/uploads\/2019\/09\/conferencia-da-assistencia-social-1024x683.jpg 1024w\" sizes=\"(max-width: 300px) 100vw, 300px\" \/><figcaption id=\"caption-attachment-2238\" class=\"wp-caption-text\"><span style=\"font-size: 8pt; color: #999999;\"><em><strong>P\u00fablico participante da 11\u00aa Confer\u00eancia Municipal de Assist\u00eancia Social promovida em 2017 (Arquivo\/AssCom\/Divulga\u00e7\u00e3o)<\/strong><\/em><\/span><\/figcaption><\/figure>\n<p>Centro Cultural Mario Covas recebe na pr\u00f3xima quinta-feira (26\/9), a 12\u00aa Confer\u00eancia Municipal de Assist\u00eancia Social de Santa Rita do Passa Quatro. O evento \u00e9 uma realiza\u00e7\u00e3o da Prefeitura, por meio do Departamento de Assist\u00eancia e Desenvolvimento Social, em parceria com o Conselho Municipal de Assist\u00eancia Social.<\/p>\n<p>O tema abordado ser\u00e1 \u201cAssistencia Social \u00e9 um Direito: Evolu\u00e7\u00e3o e Desafios dos SUAS no Estado de S\u00e3o Paulo\u201d. O evento est\u00e1 programado para acontecer das 8h \u00e0s 17 horas, com palestras e plen\u00e1rias, com discuss\u00e3o e aprova\u00e7\u00e3o de propostas. Em seguida haver\u00e1 elei\u00e7\u00e3o dos delegados que representar\u00e3o o munic\u00edpio na esfera estadual da confer\u00eancia.<\/p>\n<p>As Confer\u00eancias de Assist\u00eancia Social s\u00e3o realizadas a cada dois anos, pelas esferas municipal, estadual e federal para avaliar e discutir as melhorias para a Pol\u00edtica de Assist\u00eancia Social.<\/p>\n<p>Aberta ao p\u00fablico, especialmente profissionais da \u00e1rea, os interessados em participar podem fazer suas inscri\u00e7\u00f5es no local, pouco antes do in\u00edcio das atividades.<\/p>\n<p><strong>\u00a0<\/strong><\/p>\n<p>&nbsp;<\/p>\n<p><em>\u00a0<\/em><\/p>\n<p>&nbsp;<\/p>\n<p>&nbsp;<\/p>\n<p>&nbsp;<\/p>\n","protected":false},"excerpt":{"rendered":"<p>Evento no Centro Cultural Mario Covas ter\u00e1 como tema &#8220;Assistencia Social \u00e9 um Direito: Evolu\u00e7\u00e3o e Desafios dos SUAS no<\/p>\n","protected":false},"author":1,"featured_media":2238,"comment_status":"closed","ping_status":"open","sticky":false,"template":"","format":"standard","meta":{"footnotes":""},"categories":[43,52],"tags":[],"class_list":["post-2324","post","type-post","status-publish","format-standard","has-post-thumbnail","hentry","category-assistenciasocial","category-latest"],"_links":{"self":[{"href":"https:\/\/www.santaritadopassaquatro.sp.gov.br\/portal\/wp-json\/wp\/v2\/posts\/2324","targetHints":{"allow":["GET"]}}],"collection":[{"href":"https:\/\/www.santaritadopassaquatro.sp.gov.br\/portal\/wp-json\/wp\/v2\/posts"}],"about":[{"href":"https:\/\/www.santaritadopassaquatro.sp.gov.br\/portal\/wp-json\/wp\/v2\/types\/post"}],"author":[{"embeddable":true,"href":"https:\/\/www.santaritadopassaquatro.sp.gov.br\/portal\/wp-json\/wp\/v2\/users\/1"}],"replies":[{"embeddable":true,"href":"https:\/\/www.santaritadopassaquatro.sp.gov.br\/portal\/wp-json\/wp\/v2\/comments?post=2324"}],"version-history":[{"count":0,"href":"https:\/\/www.santaritadopassaquatro.sp.gov.br\/portal\/wp-json\/wp\/v2\/posts\/2324\/revisions"}],"wp:featuredmedia":[{"embeddable":true,"href":"https:\/\/www.santaritadopassaquatro.sp.gov.br\/portal\/wp-json\/wp\/v2\/media\/2238"}],"wp:attachment":[{"href":"https:\/\/www.santaritadopassaquatro.sp.gov.br\/portal\/wp-json\/wp\/v2\/media?parent=2324"}],"wp:term":[{"taxonomy":"category","embeddable":true,"href":"https:\/\/www.santaritadopassaquatro.sp.gov.br\/portal\/wp-json\/wp\/v2\/categories?post=2324"},{"taxonomy":"post_tag","embeddable":true,"href":"https:\/\/www.santaritadopassaquatro.sp.gov.br\/portal\/wp-json\/wp\/v2\/tags?post=2324"}],"curies":[{"name":"wp","href":"https:\/\/api.w.org\/{rel}","templated":true}]}}