{"id":2326,"date":"2019-09-24T10:36:36","date_gmt":"2019-09-24T13:36:36","guid":{"rendered":"http:\/\/www.santaritadopassaquatro.sp.gov.br\/portal\/?p=2326"},"modified":"2019-09-24T10:36:36","modified_gmt":"2019-09-24T13:36:36","slug":"depois-do-sucesso-da-6a-edicao-7a-feira-do-comercio-ja-tem-data-definida","status":"publish","type":"post","link":"https:\/\/www.santaritadopassaquatro.sp.gov.br\/portal\/depois-do-sucesso-da-6a-edicao-7a-feira-do-comercio-ja-tem-data-definida\/","title":{"rendered":"Depois do sucesso da 6\u00aa edi\u00e7\u00e3o, 7\u00aa Feira do Com\u00e9rcio j\u00e1 tem data definida"},"content":{"rendered":"<p><strong><em>Evento aconteceu no \u00faltimo domingo na Pra\u00e7a da Esta\u00e7\u00e3o, superando as expectativas de p\u00fablico e de neg\u00f3cios; em 2020, feira ser\u00e1 nos dias 12 e 13\/9<\/em><\/strong><\/p>\n<p>&nbsp;<\/p>\n<figure id=\"attachment_2327\" aria-describedby=\"caption-attachment-2327\" style=\"width: 300px\" class=\"wp-caption alignleft\"><img decoding=\"async\" class=\"wp-image-2327 size-medium\" src=\"http:\/\/www.santaritadopassaquatro.sp.gov.br\/portal\/wp-content\/uploads\/2019\/09\/6a-Feira-do-Comercio-stands-300x200.jpg\" alt=\"\" width=\"300\" height=\"200\" srcset=\"https:\/\/www.santaritadopassaquatro.sp.gov.br\/portal\/wp-content\/uploads\/2019\/09\/6a-Feira-do-Comercio-stands-300x200.jpg 300w, https:\/\/www.santaritadopassaquatro.sp.gov.br\/portal\/wp-content\/uploads\/2019\/09\/6a-Feira-do-Comercio-stands-768x512.jpg 768w, https:\/\/www.santaritadopassaquatro.sp.gov.br\/portal\/wp-content\/uploads\/2019\/09\/6a-Feira-do-Comercio-stands-1024x683.jpg 1024w\" sizes=\"(max-width: 300px) 100vw, 300px\" \/><figcaption id=\"caption-attachment-2327\" class=\"wp-caption-text\"><span style=\"font-size: 8pt; color: #999999;\"><em><strong>P\u00fablico visitando os stands dos expositores durante 6\u00aa Feira do Com\u00e9rcio, que no \u00faltimo domingo (AssCom\/Divulga\u00e7\u00e3o)<\/strong><\/em><\/span><\/figcaption><\/figure>\n<p>Ap\u00f3s superar as expectativas de p\u00fablico e neg\u00f3cios, a 6\u00aa Feira do Com\u00e9rcio \u201cClarindo Bassi\u201d, de Santa Rita do Passa Quatro, realizada no \u00faltimo domingo (15\/9), na Pra\u00e7a Poeta Mario Mattoso (Esta\u00e7\u00e3o), a edi\u00e7\u00e3o do ano que vem j\u00e1 tem data definida: dias 12 e 13 de setembro de 2020, s\u00e1bado e domingo. A decis\u00e3o do calend\u00e1rio foi dos organizadores, Prefeitura Municipal, atrav\u00e9s do Setor de Desenvolvimento Econ\u00f4mico, e ACE (Associa\u00e7\u00e3o Comercial e Empresarial).<\/p>\n<p>O evento reuniu os setores do com\u00e9rcio, presta\u00e7\u00e3o de servi\u00e7os, agroneg\u00f3cio, pra\u00e7a de alimenta\u00e7\u00e3o e recrea\u00e7\u00e3o. A movimenta\u00e7\u00e3o come\u00e7ou a partir das 9 horas e, logo pela manh\u00e3, j\u00e1 era poss\u00edvel conferir o volume de neg\u00f3cios nos stands dos expositores e nas barracas da pra\u00e7a de alimenta\u00e7\u00e3o.<\/p>\n<figure id=\"attachment_2328\" aria-describedby=\"caption-attachment-2328\" style=\"width: 300px\" class=\"wp-caption alignright\"><img decoding=\"async\" class=\"wp-image-2328 size-medium\" src=\"http:\/\/www.santaritadopassaquatro.sp.gov.br\/portal\/wp-content\/uploads\/2019\/09\/6_Feira-do-Comercio-alimentacao-300x200.jpg\" alt=\"\" width=\"300\" height=\"200\" srcset=\"https:\/\/www.santaritadopassaquatro.sp.gov.br\/portal\/wp-content\/uploads\/2019\/09\/6_Feira-do-Comercio-alimentacao-300x200.jpg 300w, https:\/\/www.santaritadopassaquatro.sp.gov.br\/portal\/wp-content\/uploads\/2019\/09\/6_Feira-do-Comercio-alimentacao-768x512.jpg 768w, https:\/\/www.santaritadopassaquatro.sp.gov.br\/portal\/wp-content\/uploads\/2019\/09\/6_Feira-do-Comercio-alimentacao-1024x683.jpg 1024w\" sizes=\"(max-width: 300px) 100vw, 300px\" \/><figcaption id=\"caption-attachment-2328\" class=\"wp-caption-text\"><span style=\"font-size: 8pt; color: #999999;\"><em><strong>Pra\u00e7a de alimenta\u00e7\u00e3o na Pra\u00e7a M\u00e1rio Mattoso tamb\u00e9m recebeu shows musicais (AssCom\/Divulga\u00e7\u00e3o)<\/strong><\/em><\/span><\/figcaption><\/figure>\n<p>O objetivo do evento, foi incentivar ao empreendedorismo, visando a gera\u00e7\u00e3o de emprego e renda no munic\u00edpio. O p\u00fablico da cidade e da regi\u00e3o prestigiou o evento, mantendo grande movimento durante todo o dia.<\/p>\n<p>Exclusivo para empreendedores de Santa Rita, a Feira do Com\u00e9rcio \u00e9 considerada uma das principais a\u00e7\u00f5es do munic\u00edpio em busca da gera\u00e7\u00e3o de emprego e renda para a popula\u00e7\u00e3o do munic\u00edpio. Promovido originalmente no Parque Tur\u00edstico Municipal (Clube de Campo), este ano o evento muda de local, em fun\u00e7\u00e3o de obras que est\u00e3o sendo realizadas no galp\u00e3o.<\/p>\n<p>&nbsp;<\/p>\n<p><strong>\u00a0<\/strong><\/p>\n","protected":false},"excerpt":{"rendered":"<p>Evento aconteceu no \u00faltimo domingo na Pra\u00e7a da Esta\u00e7\u00e3o, superando as expectativas de p\u00fablico e de neg\u00f3cios; em 2020, feira<\/p>\n","protected":false},"author":1,"featured_media":2327,"comment_status":"closed","ping_status":"open","sticky":false,"template":"","format":"standard","meta":{"footnotes":""},"categories":[47,52,60],"tags":[],"class_list":["post-2326","post","type-post","status-publish","format-standard","has-post-thumbnail","hentry","category-desenvovimento","category-latest","category-turismo"],"_links":{"self":[{"href":"https:\/\/www.santaritadopassaquatro.sp.gov.br\/portal\/wp-json\/wp\/v2\/posts\/2326","targetHints":{"allow":["GET"]}}],"collection":[{"href":"https:\/\/www.santaritadopassaquatro.sp.gov.br\/portal\/wp-json\/wp\/v2\/posts"}],"about":[{"href":"https:\/\/www.santaritadopassaquatro.sp.gov.br\/portal\/wp-json\/wp\/v2\/types\/post"}],"author":[{"embeddable":true,"href":"https:\/\/www.santaritadopassaquatro.sp.gov.br\/portal\/wp-json\/wp\/v2\/users\/1"}],"replies":[{"embeddable":true,"href":"https:\/\/www.santaritadopassaquatro.sp.gov.br\/portal\/wp-json\/wp\/v2\/comments?post=2326"}],"version-history":[{"count":0,"href":"https:\/\/www.santaritadopassaquatro.sp.gov.br\/portal\/wp-json\/wp\/v2\/posts\/2326\/revisions"}],"wp:featuredmedia":[{"embeddable":true,"href":"https:\/\/www.santaritadopassaquatro.sp.gov.br\/portal\/wp-json\/wp\/v2\/media\/2327"}],"wp:attachment":[{"href":"https:\/\/www.santaritadopassaquatro.sp.gov.br\/portal\/wp-json\/wp\/v2\/media?parent=2326"}],"wp:term":[{"taxonomy":"category","embeddable":true,"href":"https:\/\/www.santaritadopassaquatro.sp.gov.br\/portal\/wp-json\/wp\/v2\/categories?post=2326"},{"taxonomy":"post_tag","embeddable":true,"href":"https:\/\/www.santaritadopassaquatro.sp.gov.br\/portal\/wp-json\/wp\/v2\/tags?post=2326"}],"curies":[{"name":"wp","href":"https:\/\/api.w.org\/{rel}","templated":true}]}}