{"id":2331,"date":"2019-09-24T10:38:06","date_gmt":"2019-09-24T13:38:06","guid":{"rendered":"http:\/\/www.santaritadopassaquatro.sp.gov.br\/portal\/?p=2331"},"modified":"2019-09-24T10:38:06","modified_gmt":"2019-09-24T13:38:06","slug":"campea-olimpica-maurren-maggi-fara-palestra-em-santa-rita","status":"publish","type":"post","link":"https:\/\/www.santaritadopassaquatro.sp.gov.br\/portal\/campea-olimpica-maurren-maggi-fara-palestra-em-santa-rita\/","title":{"rendered":"Campe\u00e3 ol\u00edmpica Maurren Maggi far\u00e1 palestra em Santa Rita"},"content":{"rendered":"<p><strong><em>Medalha de ouro nos Jogos de Pequim 2008, ex-atleta estar\u00e1 no Centro Ol\u00edmpico no pr\u00f3ximo s\u00e1bado, em parceria entre prefeitura e Sesc<\/em><\/strong><\/p>\n<p>&nbsp;<\/p>\n<figure id=\"attachment_2332\" aria-describedby=\"caption-attachment-2332\" style=\"width: 300px\" class=\"wp-caption alignleft\"><img decoding=\"async\" class=\"wp-image-2332 size-medium\" src=\"http:\/\/www.santaritadopassaquatro.sp.gov.br\/portal\/wp-content\/uploads\/2019\/09\/maurren_maggi-300x186.jpg\" alt=\"\" width=\"300\" height=\"186\" srcset=\"https:\/\/www.santaritadopassaquatro.sp.gov.br\/portal\/wp-content\/uploads\/2019\/09\/maurren_maggi-300x186.jpg 300w, https:\/\/www.santaritadopassaquatro.sp.gov.br\/portal\/wp-content\/uploads\/2019\/09\/maurren_maggi-768x476.jpg 768w, https:\/\/www.santaritadopassaquatro.sp.gov.br\/portal\/wp-content\/uploads\/2019\/09\/maurren_maggi-1024x634.jpg 1024w, https:\/\/www.santaritadopassaquatro.sp.gov.br\/portal\/wp-content\/uploads\/2019\/09\/maurren_maggi.jpg 1240w\" sizes=\"(max-width: 300px) 100vw, 300px\" \/><figcaption id=\"caption-attachment-2332\" class=\"wp-caption-text\"><span style=\"font-size: 8pt; color: #999999;\"><em><strong>A medalhista ol\u00edmpica Maurren Maggi que estar\u00e1 em Santa Rita no pr\u00f3ximo s\u00e1bado (Divulga\u00e7\u00e3o)<\/strong><\/em><\/span><\/figcaption><\/figure>\n<p>A campe\u00e3 ol\u00edmpica Maurren Maggi estar\u00e1 em Santa Rita do Passa Quatro no pr\u00f3ximo s\u00e1bado (28\/9), a partir das 10 horas, no Centro Ol\u00edmpico Municipal. Medalha de ouro no salto em dist\u00e2ncia nos Jogos Ol\u00edmpico de Pequim, em 2008, ex-atleta ir\u00e1 ministrar uma palestra aberta ao p\u00fablico.<\/p>\n<p>Promovida em parceria entre Sesc e Prefeitura Municipal, atrav\u00e9s do Departamento Municipal de Turismo, Cultura, Esportes e Lazer, o evento \u00e9 gratuito e destinado especialmente para esportistas e amantes do esporte.<\/p>\n<p>Grande exemplo de supera\u00e7\u00e3o, garra e fo\u00e7a de vontade, Maurren busca passar todas as emo\u00e7\u00f5es de sua gloriosa carreira para o p\u00fablico ouvinte. Faz analogias sobre a vida de um atleta de alto rendimento e o mundo corporativo, abordando temas como motiva\u00e7\u00e3o, supera\u00e7\u00e3o, trabalho em equipe, persist\u00eancia, entre outros.<\/p>\n<p>Maurren Higa Maggi \u00e9 o maior nome da hist\u00f3ria do atletismo feminino brasileiro. Com um salto de 7,04 metros, conquistou a medalha de ouro nas Olimp\u00edadas de Pequim 2008. Tamb\u00e9m recordista brasileira e sul-americana do salto em dist\u00e2ncia, al\u00e9m de bicampe\u00e3 pan-americana, Maggi j\u00e1 terminou duas vezes o ano como n\u00famero 1 do mundo em salto em dist\u00e2ncia, em 1999 e 2003. Participou tamb\u00e9m da Olimp\u00edada de Sidney, em 2000.<\/p>\n<p><strong>\u00a0<\/strong><\/p>\n<p>&nbsp;<\/p>\n<p><em>\u00a0<\/em><\/p>\n","protected":false},"excerpt":{"rendered":"<p>Medalha de ouro nos Jogos de Pequim 2008, ex-atleta estar\u00e1 no Centro Ol\u00edmpico no pr\u00f3ximo s\u00e1bado, em parceria entre prefeitura<\/p>\n","protected":false},"author":1,"featured_media":2332,"comment_status":"closed","ping_status":"open","sticky":false,"template":"","format":"standard","meta":{"footnotes":""},"categories":[48,51,52,60],"tags":[],"class_list":["post-2331","post","type-post","status-publish","format-standard","has-post-thumbnail","hentry","category-featured","category-sports","category-latest","category-turismo"],"_links":{"self":[{"href":"https:\/\/www.santaritadopassaquatro.sp.gov.br\/portal\/wp-json\/wp\/v2\/posts\/2331","targetHints":{"allow":["GET"]}}],"collection":[{"href":"https:\/\/www.santaritadopassaquatro.sp.gov.br\/portal\/wp-json\/wp\/v2\/posts"}],"about":[{"href":"https:\/\/www.santaritadopassaquatro.sp.gov.br\/portal\/wp-json\/wp\/v2\/types\/post"}],"author":[{"embeddable":true,"href":"https:\/\/www.santaritadopassaquatro.sp.gov.br\/portal\/wp-json\/wp\/v2\/users\/1"}],"replies":[{"embeddable":true,"href":"https:\/\/www.santaritadopassaquatro.sp.gov.br\/portal\/wp-json\/wp\/v2\/comments?post=2331"}],"version-history":[{"count":0,"href":"https:\/\/www.santaritadopassaquatro.sp.gov.br\/portal\/wp-json\/wp\/v2\/posts\/2331\/revisions"}],"wp:featuredmedia":[{"embeddable":true,"href":"https:\/\/www.santaritadopassaquatro.sp.gov.br\/portal\/wp-json\/wp\/v2\/media\/2332"}],"wp:attachment":[{"href":"https:\/\/www.santaritadopassaquatro.sp.gov.br\/portal\/wp-json\/wp\/v2\/media?parent=2331"}],"wp:term":[{"taxonomy":"category","embeddable":true,"href":"https:\/\/www.santaritadopassaquatro.sp.gov.br\/portal\/wp-json\/wp\/v2\/categories?post=2331"},{"taxonomy":"post_tag","embeddable":true,"href":"https:\/\/www.santaritadopassaquatro.sp.gov.br\/portal\/wp-json\/wp\/v2\/tags?post=2331"}],"curies":[{"name":"wp","href":"https:\/\/api.w.org\/{rel}","templated":true}]}}