{"id":2334,"date":"2019-09-24T10:40:20","date_gmt":"2019-09-24T13:40:20","guid":{"rendered":"http:\/\/www.santaritadopassaquatro.sp.gov.br\/portal\/?p=2334"},"modified":"2019-09-24T10:40:20","modified_gmt":"2019-09-24T13:40:20","slug":"campanha-de-doacao-de-sangue-acontece-no-proximo-sabado","status":"publish","type":"post","link":"https:\/\/www.santaritadopassaquatro.sp.gov.br\/portal\/campanha-de-doacao-de-sangue-acontece-no-proximo-sabado\/","title":{"rendered":"Campanha de doa\u00e7\u00e3o de sangue acontece no pr\u00f3ximo s\u00e1bado"},"content":{"rendered":"<p><strong><em>A\u00e7\u00e3o ser\u00e1 realizada em parceria entre Hemocentro Ribeir\u00e3o Preto e Departamento Municipal de Sa\u00fade, na EMEF Madre Carmelita <\/em><\/strong><\/p>\n<p><strong><em>\u00a0<\/em><\/strong><\/p>\n<figure id=\"attachment_2262\" aria-describedby=\"caption-attachment-2262\" style=\"width: 300px\" class=\"wp-caption alignleft\"><img decoding=\"async\" class=\"wp-image-2262 size-medium\" src=\"http:\/\/www.santaritadopassaquatro.sp.gov.br\/portal\/wp-content\/uploads\/2019\/09\/Doacao_sangue-300x200.jpg\" alt=\"\" width=\"300\" height=\"200\" srcset=\"https:\/\/www.santaritadopassaquatro.sp.gov.br\/portal\/wp-content\/uploads\/2019\/09\/Doacao_sangue-300x200.jpg 300w, https:\/\/www.santaritadopassaquatro.sp.gov.br\/portal\/wp-content\/uploads\/2019\/09\/Doacao_sangue-768x511.jpg 768w, https:\/\/www.santaritadopassaquatro.sp.gov.br\/portal\/wp-content\/uploads\/2019\/09\/Doacao_sangue-1024x681.jpg 1024w, https:\/\/www.santaritadopassaquatro.sp.gov.br\/portal\/wp-content\/uploads\/2019\/09\/Doacao_sangue.jpg 1936w\" sizes=\"(max-width: 300px) 100vw, 300px\" \/><figcaption id=\"caption-attachment-2262\" class=\"wp-caption-text\"><span style=\"font-size: 8pt; color: #999999;\"><em><strong>Bolsa de sangue coletada na \u00faltima campanha em Santa Rita: \u00a0cada doador pode salvar at\u00e9 tr\u00eas vidas (AssCom\/Arquivo\/Divulga\u00e7\u00e3o) <\/strong><\/em><\/span><\/figcaption><\/figure>\n<p>Santa Rita do Passa Quatro recebe no pr\u00f3ximo s\u00e1bado (28\/9) mais campanha de doa\u00e7\u00e3o de sangue e cadastro de medula \u00f3ssea. A a\u00e7\u00e3o ser\u00e1 realizada em parceria entre Hemocentro Ribeir\u00e3o Preto e Prefeitura Municipal, atrav\u00e9s do Departamento de Sa\u00fade. A campanha acontece \u00e0 partir das 7 horas, na EMEF Madre Carmelita.<\/p>\n<p>Para ser doador \u00e9 preciso ter idade entre 18 e 67 anos, estar com boa sa\u00fade, pesar no m\u00ednimo 50kg (homens) ou 51kg (mulheres). Volunt\u00e1rios com idade entre 16 e 18 anos tamb\u00e9m podem doar, desde que autorizados pelos pais ou respons\u00e1veis. \u00c9 obrigat\u00f3rio apresentar documento oficial com foto.<\/p>\n<p>As recomenda\u00e7\u00f5es aos volunt\u00e1rios podem ser conferidas na internet (<a href=\"http:\/\/pegasus.fmrp.usp.br\/projeto\/guiadoad.htm\">clique aqui<\/a>).\u00a0 \u00a0Segundo o Hemocentro, cada doador pode salvar at\u00e9 tr\u00eas vidas.<\/p>\n<p>Santa Rita est\u00e1 entre os 210 munic\u00edpios atendidos pelo Hemocentro Ribeir\u00e3o Preto. Ao todo s\u00e3o 33% do Estado de S\u00e3o Paulo. Para suprir esta demanda, s\u00e3o realizadas campanhas em tr\u00eas finais de semana por m\u00eas, nas v\u00e1rias cidades da regi\u00e3o de abrang\u00eancia.<\/p>\n<p>Promovida pelos menos duas vezes ao ano na cidade, todas com presen\u00e7a expressiva da popula\u00e7\u00e3o local.\u00a0 A \u00faltima campanha em Santa Rita aconteceu no \u00faltimo m\u00eas de mar\u00e7o.<\/p>\n<p><strong>\u00a0<\/strong><\/p>\n<p>&nbsp;<\/p>\n","protected":false},"excerpt":{"rendered":"<p>A\u00e7\u00e3o ser\u00e1 realizada em parceria entre Hemocentro Ribeir\u00e3o Preto e Departamento Municipal de Sa\u00fade, na EMEF Madre Carmelita \u00a0 Santa<\/p>\n","protected":false},"author":1,"featured_media":2262,"comment_status":"closed","ping_status":"open","sticky":false,"template":"","format":"standard","meta":{"footnotes":""},"categories":[48,52,58],"tags":[],"class_list":["post-2334","post","type-post","status-publish","format-standard","has-post-thumbnail","hentry","category-featured","category-latest","category-health"],"_links":{"self":[{"href":"https:\/\/www.santaritadopassaquatro.sp.gov.br\/portal\/wp-json\/wp\/v2\/posts\/2334","targetHints":{"allow":["GET"]}}],"collection":[{"href":"https:\/\/www.santaritadopassaquatro.sp.gov.br\/portal\/wp-json\/wp\/v2\/posts"}],"about":[{"href":"https:\/\/www.santaritadopassaquatro.sp.gov.br\/portal\/wp-json\/wp\/v2\/types\/post"}],"author":[{"embeddable":true,"href":"https:\/\/www.santaritadopassaquatro.sp.gov.br\/portal\/wp-json\/wp\/v2\/users\/1"}],"replies":[{"embeddable":true,"href":"https:\/\/www.santaritadopassaquatro.sp.gov.br\/portal\/wp-json\/wp\/v2\/comments?post=2334"}],"version-history":[{"count":0,"href":"https:\/\/www.santaritadopassaquatro.sp.gov.br\/portal\/wp-json\/wp\/v2\/posts\/2334\/revisions"}],"wp:featuredmedia":[{"embeddable":true,"href":"https:\/\/www.santaritadopassaquatro.sp.gov.br\/portal\/wp-json\/wp\/v2\/media\/2262"}],"wp:attachment":[{"href":"https:\/\/www.santaritadopassaquatro.sp.gov.br\/portal\/wp-json\/wp\/v2\/media?parent=2334"}],"wp:term":[{"taxonomy":"category","embeddable":true,"href":"https:\/\/www.santaritadopassaquatro.sp.gov.br\/portal\/wp-json\/wp\/v2\/categories?post=2334"},{"taxonomy":"post_tag","embeddable":true,"href":"https:\/\/www.santaritadopassaquatro.sp.gov.br\/portal\/wp-json\/wp\/v2\/tags?post=2334"}],"curies":[{"name":"wp","href":"https:\/\/api.w.org\/{rel}","templated":true}]}}