{"id":2336,"date":"2019-09-24T10:43:49","date_gmt":"2019-09-24T13:43:49","guid":{"rendered":"http:\/\/www.santaritadopassaquatro.sp.gov.br\/portal\/?p=2336"},"modified":"2019-09-24T10:43:49","modified_gmt":"2019-09-24T13:43:49","slug":"prefeito-e-vereadores-tem-audiencia-com-governador-do-sp-para-tratar-do-cais-sr","status":"publish","type":"post","link":"https:\/\/www.santaritadopassaquatro.sp.gov.br\/portal\/prefeito-e-vereadores-tem-audiencia-com-governador-do-sp-para-tratar-do-cais-sr\/","title":{"rendered":"Prefeito e vereadores t\u00eam audi\u00eancia com governador do SP para tratar do CAIS-SR"},"content":{"rendered":"<p><strong><em>Cau\u00ea Macris, que exerce do cargo no Executivo Estadual, recebeu os santa-ritenses na \u00faltima ter\u00e7a-feira <\/em><\/strong><\/p>\n<p><strong><em>\u00a0<\/em><\/strong><\/p>\n<figure id=\"attachment_2338\" aria-describedby=\"caption-attachment-2338\" style=\"width: 300px\" class=\"wp-caption alignleft\"><img decoding=\"async\" class=\"wp-image-2338 size-medium\" src=\"http:\/\/www.santaritadopassaquatro.sp.gov.br\/portal\/wp-content\/uploads\/2019\/09\/audiencia-governador-macris01-300x200.jpeg\" alt=\"\" width=\"300\" height=\"200\" srcset=\"https:\/\/www.santaritadopassaquatro.sp.gov.br\/portal\/wp-content\/uploads\/2019\/09\/audiencia-governador-macris01-300x200.jpeg 300w, https:\/\/www.santaritadopassaquatro.sp.gov.br\/portal\/wp-content\/uploads\/2019\/09\/audiencia-governador-macris01-768x512.jpeg 768w, https:\/\/www.santaritadopassaquatro.sp.gov.br\/portal\/wp-content\/uploads\/2019\/09\/audiencia-governador-macris01-1024x682.jpeg 1024w, https:\/\/www.santaritadopassaquatro.sp.gov.br\/portal\/wp-content\/uploads\/2019\/09\/audiencia-governador-macris01.jpeg 1280w\" sizes=\"(max-width: 300px) 100vw, 300px\" \/><figcaption id=\"caption-attachment-2338\" class=\"wp-caption-text\"><span style=\"font-size: 8pt; color: #999999;\"><em><strong>Prefeito, vice e vereadores em audi\u00eancia com secret\u00e1rio de Sa\u00fade e governador em exerc\u00edcio, na noite da \u00faltima ter\u00e7a-feira (Divulga\u00e7\u00e3o) <\/strong><\/em><\/span><\/figcaption><\/figure>\n<p>O governador em exerc\u00edcio do Estado de S\u00e3o Paulo, Cau\u00ea Macris, recebeu uma comitiva de Santa Rita do Passa Quatro, para uma audi\u00eancia, na noite da \u00faltima ter\u00e7a-feira (17\/9). Estiveram na reuni\u00e3o o prefeito Leandro Luciano dos Santos, a vice-prefeita Maria Rita Mondim de Oliveira, os vereadores Luiz Carlos Bariotto, Kleber Alessandro Borortto, Lucas Comin Loureiro, Juliana Garcia Lorencetti e Paulo Linares.<\/p>\n<p>O objetivo da reuni\u00e3o, que tamb\u00e9m contou com a participa\u00e7\u00e3o do secret\u00e1rio de Estado da Sa\u00fade, Dr. Jos\u00e9 Henrique Germann Ferreira, foi a busca um entendimento sobre melhorias para o CAIS-SR (Centro de Aten\u00e7\u00e3o Integral a Sa\u00fade).<\/p>\n<p>No entendimento do prefeito, vice e vereadores, o local tem grande potencial para receber um projeto em benef\u00edcio n\u00e3o s\u00f3 da popula\u00e7\u00e3o, mas tamb\u00e9m de toda a regi\u00e3o, ampliando o atendimento e at\u00e9 mesmo se tornando uma refer\u00eancia para S\u00e3o Paulo. \u201cEsperamos que em breve, Prefeitura e Governo do Estado possam se unir em benef\u00edcio da sa\u00fade e do desenvolvimento\u201d, disse o prefeito.<\/p>\n<p>Deputado estadual e presidente da Assembleia Legislativa do Estado de S\u00e3o Paulo (ALESP), Cau\u00ea Macris assumiu o Governo entre os dias 15 e 19 de setembro, per\u00edodo em que o governador Jo\u00e3o D\u00f3ria e o vice-governador Rodrigo Garcia estiveram em viagem ao exterior.<\/p>\n<p><strong>\u00a0<\/strong><\/p>\n<p>&nbsp;<\/p>\n<p>&nbsp;<\/p>\n","protected":false},"excerpt":{"rendered":"<p>Cau\u00ea Macris, que exerce do cargo no Executivo Estadual, recebeu os santa-ritenses na \u00faltima ter\u00e7a-feira \u00a0 O governador em exerc\u00edcio<\/p>\n","protected":false},"author":1,"featured_media":2337,"comment_status":"closed","ping_status":"open","sticky":false,"template":"","format":"standard","meta":{"footnotes":""},"categories":[48,52,57],"tags":[],"class_list":["post-2336","post","type-post","status-publish","format-standard","has-post-thumbnail","hentry","category-featured","category-latest","category-politics"],"_links":{"self":[{"href":"https:\/\/www.santaritadopassaquatro.sp.gov.br\/portal\/wp-json\/wp\/v2\/posts\/2336","targetHints":{"allow":["GET"]}}],"collection":[{"href":"https:\/\/www.santaritadopassaquatro.sp.gov.br\/portal\/wp-json\/wp\/v2\/posts"}],"about":[{"href":"https:\/\/www.santaritadopassaquatro.sp.gov.br\/portal\/wp-json\/wp\/v2\/types\/post"}],"author":[{"embeddable":true,"href":"https:\/\/www.santaritadopassaquatro.sp.gov.br\/portal\/wp-json\/wp\/v2\/users\/1"}],"replies":[{"embeddable":true,"href":"https:\/\/www.santaritadopassaquatro.sp.gov.br\/portal\/wp-json\/wp\/v2\/comments?post=2336"}],"version-history":[{"count":0,"href":"https:\/\/www.santaritadopassaquatro.sp.gov.br\/portal\/wp-json\/wp\/v2\/posts\/2336\/revisions"}],"wp:featuredmedia":[{"embeddable":true,"href":"https:\/\/www.santaritadopassaquatro.sp.gov.br\/portal\/wp-json\/wp\/v2\/media\/2337"}],"wp:attachment":[{"href":"https:\/\/www.santaritadopassaquatro.sp.gov.br\/portal\/wp-json\/wp\/v2\/media?parent=2336"}],"wp:term":[{"taxonomy":"category","embeddable":true,"href":"https:\/\/www.santaritadopassaquatro.sp.gov.br\/portal\/wp-json\/wp\/v2\/categories?post=2336"},{"taxonomy":"post_tag","embeddable":true,"href":"https:\/\/www.santaritadopassaquatro.sp.gov.br\/portal\/wp-json\/wp\/v2\/tags?post=2336"}],"curies":[{"name":"wp","href":"https:\/\/api.w.org\/{rel}","templated":true}]}}