{"id":2344,"date":"2019-09-25T09:34:46","date_gmt":"2019-09-25T12:34:46","guid":{"rendered":"http:\/\/www.santaritadopassaquatro.sp.gov.br\/portal\/?p=2344"},"modified":"2019-09-25T09:34:46","modified_gmt":"2019-09-25T12:34:46","slug":"gestao-participativa-em-arborizacao-urbana","status":"publish","type":"post","link":"https:\/\/www.santaritadopassaquatro.sp.gov.br\/portal\/gestao-participativa-em-arborizacao-urbana\/","title":{"rendered":"Gest\u00e3o Participativa em Arboriza\u00e7\u00e3o Urbana"},"content":{"rendered":"<p><img decoding=\"async\" class=\"alignnone size-medium wp-image-2345 alignleft\" src=\"http:\/\/www.santaritadopassaquatro.sp.gov.br\/portal\/wp-content\/uploads\/2019\/09\/Gest\u00e3o-Participativa-300x225.jpg\" alt=\"\" width=\"300\" height=\"225\" srcset=\"https:\/\/www.santaritadopassaquatro.sp.gov.br\/portal\/wp-content\/uploads\/2019\/09\/Gest\u00e3o-Participativa-300x225.jpg 300w, https:\/\/www.santaritadopassaquatro.sp.gov.br\/portal\/wp-content\/uploads\/2019\/09\/Gest\u00e3o-Participativa-768x576.jpg 768w, https:\/\/www.santaritadopassaquatro.sp.gov.br\/portal\/wp-content\/uploads\/2019\/09\/Gest\u00e3o-Participativa-1024x768.jpg 1024w, https:\/\/www.santaritadopassaquatro.sp.gov.br\/portal\/wp-content\/uploads\/2019\/09\/Gest\u00e3o-Participativa.jpg 1032w\" sizes=\"(max-width: 300px) 100vw, 300px\" \/>A gest\u00e3o participativa efetiva a participa\u00e7\u00e3o da sociedade na gest\u00e3o do munic\u00edpio e a participa\u00e7\u00e3o das pessoas no processo de tomada de decis\u00f5es sobre a administra\u00e7\u00e3o do munic\u00edpio, especialmente nos seus bairros. Atrav\u00e9s dela, \u00e9 o povo quem decide o que deseja ou n\u00e3o deseja para sua comunidade, indicando desta forma onde o Poder P\u00fablico dever\u00e1 investir os recursos de que disp\u00f5e.<\/p>\n<p>Pensando nisso o Departamento de Agricultura e Meio Ambiente juntamente com os moradores do Bairro S\u00e3o Lu\u00eds atrav\u00e9s de solicita\u00e7\u00f5es realizadas pelos mesmos reflorestaram uma \u00e1rea que h\u00e1 muito tempo vem sofrendo com a queimada urbana.<\/p>\n<p>A Rua Jos\u00e9 Ribeiro de Oliveira recebeu 15 mudas em seu cal\u00e7amento urbano, a decis\u00e3o de qual esp\u00e9cie colocar nessa \u00e1rea foi dos pr\u00f3prios moradores atrav\u00e9s de orienta\u00e7\u00e3o do engenheiro agr\u00f4nomo Armando Peron Neto, com op\u00e7\u00e3o de 3 esp\u00e9cies dispon\u00edveis no Viveiro Municipal os moradores escolheram o Ip\u00ea Amarelo para ser plantado.<\/p>\n<p>O plantio foi realizado na \u00faltima quinta-feira dia 19 de setembro de 2019, com os funcion\u00e1rios do Meio Ambiente e moradores locais.<\/p>\n","protected":false},"excerpt":{"rendered":"<p>A gest\u00e3o participativa efetiva a participa\u00e7\u00e3o da sociedade na gest\u00e3o do munic\u00edpio e a participa\u00e7\u00e3o das pessoas no processo de<\/p>\n","protected":false},"author":1,"featured_media":2345,"comment_status":"closed","ping_status":"open","sticky":false,"template":"","format":"standard","meta":{"footnotes":""},"categories":[53],"tags":[],"class_list":["post-2344","post","type-post","status-publish","format-standard","has-post-thumbnail","hentry","category-meio-ambiente"],"_links":{"self":[{"href":"https:\/\/www.santaritadopassaquatro.sp.gov.br\/portal\/wp-json\/wp\/v2\/posts\/2344","targetHints":{"allow":["GET"]}}],"collection":[{"href":"https:\/\/www.santaritadopassaquatro.sp.gov.br\/portal\/wp-json\/wp\/v2\/posts"}],"about":[{"href":"https:\/\/www.santaritadopassaquatro.sp.gov.br\/portal\/wp-json\/wp\/v2\/types\/post"}],"author":[{"embeddable":true,"href":"https:\/\/www.santaritadopassaquatro.sp.gov.br\/portal\/wp-json\/wp\/v2\/users\/1"}],"replies":[{"embeddable":true,"href":"https:\/\/www.santaritadopassaquatro.sp.gov.br\/portal\/wp-json\/wp\/v2\/comments?post=2344"}],"version-history":[{"count":0,"href":"https:\/\/www.santaritadopassaquatro.sp.gov.br\/portal\/wp-json\/wp\/v2\/posts\/2344\/revisions"}],"wp:featuredmedia":[{"embeddable":true,"href":"https:\/\/www.santaritadopassaquatro.sp.gov.br\/portal\/wp-json\/wp\/v2\/media\/2345"}],"wp:attachment":[{"href":"https:\/\/www.santaritadopassaquatro.sp.gov.br\/portal\/wp-json\/wp\/v2\/media?parent=2344"}],"wp:term":[{"taxonomy":"category","embeddable":true,"href":"https:\/\/www.santaritadopassaquatro.sp.gov.br\/portal\/wp-json\/wp\/v2\/categories?post=2344"},{"taxonomy":"post_tag","embeddable":true,"href":"https:\/\/www.santaritadopassaquatro.sp.gov.br\/portal\/wp-json\/wp\/v2\/tags?post=2344"}],"curies":[{"name":"wp","href":"https:\/\/api.w.org\/{rel}","templated":true}]}}