{"id":2351,"date":"2019-09-25T09:59:22","date_gmt":"2019-09-25T12:59:22","guid":{"rendered":"http:\/\/www.santaritadopassaquatro.sp.gov.br\/portal\/?p=2351"},"modified":"2019-09-25T09:59:22","modified_gmt":"2019-09-25T12:59:22","slug":"prevencao-a-queimada-urbana","status":"publish","type":"post","link":"https:\/\/www.santaritadopassaquatro.sp.gov.br\/portal\/prevencao-a-queimada-urbana\/","title":{"rendered":"Preven\u00e7\u00e3o \u00e0 Queimada Urbana"},"content":{"rendered":"<p><img decoding=\"async\" class=\"size-medium wp-image-2352 alignleft\" src=\"http:\/\/www.santaritadopassaquatro.sp.gov.br\/portal\/wp-content\/uploads\/2019\/09\/Reuni\u00e3o-queimada-300x225.jpg\" alt=\"\" width=\"300\" height=\"225\" srcset=\"https:\/\/www.santaritadopassaquatro.sp.gov.br\/portal\/wp-content\/uploads\/2019\/09\/Reuni\u00e3o-queimada-300x225.jpg 300w, https:\/\/www.santaritadopassaquatro.sp.gov.br\/portal\/wp-content\/uploads\/2019\/09\/Reuni\u00e3o-queimada-768x576.jpg 768w, https:\/\/www.santaritadopassaquatro.sp.gov.br\/portal\/wp-content\/uploads\/2019\/09\/Reuni\u00e3o-queimada-1024x768.jpg 1024w\" sizes=\"(max-width: 300px) 100vw, 300px\" \/><\/p>\n<div><span style=\"font-size: large\">O Departamento de Agricultura e Meio Ambiente juntamente com a brigada de inc\u00eandio da Usina Santa Rita e com funcion\u00e1rios da Garagem Municipal realizaram no dia 19 de setembro de 2019 uma reuni\u00e3o para discutir estrat\u00e9gias de combate \u00e0 queimadas urbanas no munic\u00edpio de Santa Rita do Passa Quatro.<\/span><\/div>\n<div><\/div>\n<div><span style=\"font-size: large\">A garagem municipal atende aos chamados\u00a0 no per\u00edmetro urbano sempre que acionada atrav\u00e9s de den\u00fancias dos pr\u00f3prios mun\u00edcipes.<\/span><\/div>\n<div><\/div>\n<div><span style=\"font-family: Arial, sans-serif;font-size: large\">A reuni\u00e3o foi importante para reafirmar a parceria entre a Prefeitura Municipal e a Usina Santa Rita, que atende aos chamados de propor\u00e7\u00f5es maiores e de \u00e1reas rurais com dif\u00edcil acesso, ou quando o caminh\u00e3o pipa da prefeitura est\u00e1 atendendo \u00e0 outro chamado.<\/span><\/div>\n<div><span style=\"font-family: Arial, sans-serif;font-size: large\">Essa mais uma a\u00e7\u00e3o realizada pelo Departamento de Agricultura e Meio Ambiente com foco em queimadas urbanas, para achar solu\u00e7\u00f5es e disseminar informa\u00e7\u00f5es para a popula\u00e7\u00e3o.\u00a0<\/span><\/div>\n","protected":false},"excerpt":{"rendered":"<p>O Departamento de Agricultura e Meio Ambiente juntamente com a brigada de inc\u00eandio da Usina Santa Rita e com funcion\u00e1rios<\/p>\n","protected":false},"author":1,"featured_media":2352,"comment_status":"closed","ping_status":"open","sticky":false,"template":"","format":"standard","meta":{"footnotes":""},"categories":[53],"tags":[],"class_list":["post-2351","post","type-post","status-publish","format-standard","has-post-thumbnail","hentry","category-meio-ambiente"],"_links":{"self":[{"href":"https:\/\/www.santaritadopassaquatro.sp.gov.br\/portal\/wp-json\/wp\/v2\/posts\/2351","targetHints":{"allow":["GET"]}}],"collection":[{"href":"https:\/\/www.santaritadopassaquatro.sp.gov.br\/portal\/wp-json\/wp\/v2\/posts"}],"about":[{"href":"https:\/\/www.santaritadopassaquatro.sp.gov.br\/portal\/wp-json\/wp\/v2\/types\/post"}],"author":[{"embeddable":true,"href":"https:\/\/www.santaritadopassaquatro.sp.gov.br\/portal\/wp-json\/wp\/v2\/users\/1"}],"replies":[{"embeddable":true,"href":"https:\/\/www.santaritadopassaquatro.sp.gov.br\/portal\/wp-json\/wp\/v2\/comments?post=2351"}],"version-history":[{"count":0,"href":"https:\/\/www.santaritadopassaquatro.sp.gov.br\/portal\/wp-json\/wp\/v2\/posts\/2351\/revisions"}],"wp:featuredmedia":[{"embeddable":true,"href":"https:\/\/www.santaritadopassaquatro.sp.gov.br\/portal\/wp-json\/wp\/v2\/media\/2352"}],"wp:attachment":[{"href":"https:\/\/www.santaritadopassaquatro.sp.gov.br\/portal\/wp-json\/wp\/v2\/media?parent=2351"}],"wp:term":[{"taxonomy":"category","embeddable":true,"href":"https:\/\/www.santaritadopassaquatro.sp.gov.br\/portal\/wp-json\/wp\/v2\/categories?post=2351"},{"taxonomy":"post_tag","embeddable":true,"href":"https:\/\/www.santaritadopassaquatro.sp.gov.br\/portal\/wp-json\/wp\/v2\/tags?post=2351"}],"curies":[{"name":"wp","href":"https:\/\/api.w.org\/{rel}","templated":true}]}}