{"id":2354,"date":"2019-09-25T14:06:24","date_gmt":"2019-09-25T17:06:24","guid":{"rendered":"http:\/\/www.santaritadopassaquatro.sp.gov.br\/portal\/?p=2354"},"modified":"2019-09-25T14:06:24","modified_gmt":"2019-09-25T17:06:24","slug":"meio-ambiente-e-bicho-sem-teto-promovem-feira-de-adocao-neste-sabado","status":"publish","type":"post","link":"https:\/\/www.santaritadopassaquatro.sp.gov.br\/portal\/meio-ambiente-e-bicho-sem-teto-promovem-feira-de-adocao-neste-sabado\/","title":{"rendered":"Meio Ambiente e Bicho Sem Teto promovem feira de ado\u00e7\u00e3o neste s\u00e1bado"},"content":{"rendered":"<p><strong>\u00a0<\/strong><strong><em>A\u00e7\u00e3o acontece junto na pra\u00e7a do Ros\u00e1rio \u00e0 partir das 8 horas<\/em><\/strong><\/p>\n<p>&nbsp;<\/p>\n<figure id=\"attachment_2355\" aria-describedby=\"caption-attachment-2355\" style=\"width: 300px\" class=\"wp-caption alignleft\"><img decoding=\"async\" class=\"size-medium wp-image-2355\" src=\"http:\/\/www.santaritadopassaquatro.sp.gov.br\/portal\/wp-content\/uploads\/2019\/09\/castracao1-300x150.jpg\" alt=\"\" width=\"300\" height=\"150\" srcset=\"https:\/\/www.santaritadopassaquatro.sp.gov.br\/portal\/wp-content\/uploads\/2019\/09\/castracao1-300x150.jpg 300w, https:\/\/www.santaritadopassaquatro.sp.gov.br\/portal\/wp-content\/uploads\/2019\/09\/castracao1-768x384.jpg 768w, https:\/\/www.santaritadopassaquatro.sp.gov.br\/portal\/wp-content\/uploads\/2019\/09\/castracao1-1024x512.jpg 1024w, https:\/\/www.santaritadopassaquatro.sp.gov.br\/portal\/wp-content\/uploads\/2019\/09\/castracao1.jpg 2000w\" sizes=\"(max-width: 300px) 100vw, 300px\" \/><figcaption id=\"caption-attachment-2355\" class=\"wp-caption-text\">German Shepherd Dog and cat together<\/figcaption><\/figure>\n<p>Pensando em ter um amiguinho de quatro patas? Adotar \u00e9 sempre uma \u00f3tima op\u00e7\u00e3o. Assim voc\u00ea pode oferecer uma vida melhor a um cachorro ou gato abandonado. \u00a0O Departamento de Agricultura e Meio Ambiente, da Prefeitura Municipal de Santa Rita do Passa Quatro, em parceria com a ONG Bicho sem Teto, promove neste s\u00e1bado (28\/9), a partir das 8 horas, na Pra\u00e7a do Ros\u00e1rio, uma feira de ado\u00e7\u00e3o de animais dom\u00e9sticos.<\/p>\n<p>A maioria dos munic\u00edpios brasileiros possui grande quantidade de animais abandonados vagando pelas ruas. Por n\u00e3o terem acesso aos cuidados adequados, esses bichinhos acabam se tornando vetores de doen\u00e7as, passam frio, fome, sede e est\u00e3o suscet\u00edveis a maus-tratos.<\/p>\n<p>&nbsp;<\/p>\n<p><strong>GUARDA E POSSE RESPONS\u00c1VEL<\/strong><\/p>\n<p>Este conceito reflete a percep\u00e7\u00e3o do ser humano mais precisamente donos de c\u00e3es e gatos, da total depend\u00eancia f\u00edsica e afetiva destes animais. Cuidar de c\u00e3es e gatos significa assumir total responsabilidade por todo e qualquer atitude desses animais, mantendo-os em perfeitas condi\u00e7\u00f5es de sa\u00fade, cuidados e afetos.<\/p>\n<p><strong>A guarda respons\u00e1vel implica em:<\/strong><\/p>\n<ul>\n<li>Escolha do animal, considere que seu tempo de vida \u00e9 de 12 anos, pergunte a fam\u00edlia se todos est\u00e3o de acordo, se h\u00e1 recursos financeiros para mant\u00ea-los, qual a finalidade do animal (estima\u00e7\u00e3o\/guarda?), qual esp\u00e9cie desejada, qual o porte do animal (grande\/pequeno?), qual a idade preferida;<\/li>\n<li>Alimenta\u00e7\u00e3o, use ra\u00e7\u00f5es balanceadas e evite restos de comida;<\/li>\n<li>Higiene, d\u00ea banhos com \u00e1gua morna e xampu apropriado, use espec\u00edficos contra pulgas, carrapatos e vermes;<\/li>\n<li>Vacina\u00e7\u00e3o deve ser feita pelo m\u00e9dico veterin\u00e1rio, usando vacinas pr\u00f3prias para as esp\u00e9cies e antirr\u00e1bica, durante as campanhas;<\/li>\n<li>Castra\u00e7\u00f5es, desta forma h\u00e1 uma diminui\u00e7\u00e3o de animais abandonados;<\/li>\n<li>Manter os animais dentro de casa e quando passear usar guias e coleiras;<\/li>\n<li>Ado\u00e7\u00e3o ajuda a diminuir o n\u00famero de c\u00e3es nas ruas.<\/li>\n<\/ul>\n<p>&nbsp;<\/p>\n","protected":false},"excerpt":{"rendered":"<p>\u00a0A\u00e7\u00e3o acontece junto na pra\u00e7a do Ros\u00e1rio \u00e0 partir das 8 horas &nbsp; Pensando em ter um amiguinho de quatro<\/p>\n","protected":false},"author":1,"featured_media":2355,"comment_status":"closed","ping_status":"open","sticky":false,"template":"","format":"standard","meta":{"footnotes":""},"categories":[53],"tags":[],"class_list":["post-2354","post","type-post","status-publish","format-standard","has-post-thumbnail","hentry","category-meio-ambiente"],"_links":{"self":[{"href":"https:\/\/www.santaritadopassaquatro.sp.gov.br\/portal\/wp-json\/wp\/v2\/posts\/2354","targetHints":{"allow":["GET"]}}],"collection":[{"href":"https:\/\/www.santaritadopassaquatro.sp.gov.br\/portal\/wp-json\/wp\/v2\/posts"}],"about":[{"href":"https:\/\/www.santaritadopassaquatro.sp.gov.br\/portal\/wp-json\/wp\/v2\/types\/post"}],"author":[{"embeddable":true,"href":"https:\/\/www.santaritadopassaquatro.sp.gov.br\/portal\/wp-json\/wp\/v2\/users\/1"}],"replies":[{"embeddable":true,"href":"https:\/\/www.santaritadopassaquatro.sp.gov.br\/portal\/wp-json\/wp\/v2\/comments?post=2354"}],"version-history":[{"count":0,"href":"https:\/\/www.santaritadopassaquatro.sp.gov.br\/portal\/wp-json\/wp\/v2\/posts\/2354\/revisions"}],"wp:featuredmedia":[{"embeddable":true,"href":"https:\/\/www.santaritadopassaquatro.sp.gov.br\/portal\/wp-json\/wp\/v2\/media\/2355"}],"wp:attachment":[{"href":"https:\/\/www.santaritadopassaquatro.sp.gov.br\/portal\/wp-json\/wp\/v2\/media?parent=2354"}],"wp:term":[{"taxonomy":"category","embeddable":true,"href":"https:\/\/www.santaritadopassaquatro.sp.gov.br\/portal\/wp-json\/wp\/v2\/categories?post=2354"},{"taxonomy":"post_tag","embeddable":true,"href":"https:\/\/www.santaritadopassaquatro.sp.gov.br\/portal\/wp-json\/wp\/v2\/tags?post=2354"}],"curies":[{"name":"wp","href":"https:\/\/api.w.org\/{rel}","templated":true}]}}