{"id":2357,"date":"2019-09-26T14:06:50","date_gmt":"2019-09-26T17:06:50","guid":{"rendered":"http:\/\/www.santaritadopassaquatro.sp.gov.br\/portal\/?p=2357"},"modified":"2019-09-26T14:06:50","modified_gmt":"2019-09-26T17:06:50","slug":"instalacao-de-placa-na-instalacao-modelo-ubs-pedro-franco-de-oliveira","status":"publish","type":"post","link":"https:\/\/www.santaritadopassaquatro.sp.gov.br\/portal\/instalacao-de-placa-na-instalacao-modelo-ubs-pedro-franco-de-oliveira\/","title":{"rendered":"Instala\u00e7\u00e3o de Placa na Instala\u00e7\u00e3o Modelo \u201cUBS Pedro Franco de Oliveira\u201d"},"content":{"rendered":"<p><img decoding=\"async\" class=\"alignnone size-medium wp-image-2358 alignleft\" src=\"http:\/\/www.santaritadopassaquatro.sp.gov.br\/portal\/wp-content\/uploads\/2019\/09\/Instala\u00e7\u00e3o-de-Placa-na-Instala\u00e7\u00e3o-Modelo-\u201cUBS-Pedro-Franco-de-Oliveira\u201d-e1569517523406-225x300.jpg\" alt=\"\" width=\"225\" height=\"300\" srcset=\"https:\/\/www.santaritadopassaquatro.sp.gov.br\/portal\/wp-content\/uploads\/2019\/09\/Instala\u00e7\u00e3o-de-Placa-na-Instala\u00e7\u00e3o-Modelo-\u201cUBS-Pedro-Franco-de-Oliveira\u201d-e1569517523406-225x300.jpg 225w, https:\/\/www.santaritadopassaquatro.sp.gov.br\/portal\/wp-content\/uploads\/2019\/09\/Instala\u00e7\u00e3o-de-Placa-na-Instala\u00e7\u00e3o-Modelo-\u201cUBS-Pedro-Franco-de-Oliveira\u201d-e1569517523406-768x1024.jpg 768w, https:\/\/www.santaritadopassaquatro.sp.gov.br\/portal\/wp-content\/uploads\/2019\/09\/Instala\u00e7\u00e3o-de-Placa-na-Instala\u00e7\u00e3o-Modelo-\u201cUBS-Pedro-Franco-de-Oliveira\u201d-e1569517523406.jpg 1040w\" sizes=\"(max-width: 225px) 100vw, 225px\" \/><\/p>\n<p>No ciclo PMVA\u00a02019 foi inaugurada a UBS (Unidade B\u00e1sica de Sa\u00fade) Pedro Franco de Oliveira, no Jardim Lagoinha na cidade de Santa Rita do Passa Quatro, no dia 27 de dezembro de 2018. A instala\u00e7\u00e3o seguiu os par\u00e2metros da Rodovi\u00e1ria Municipal de Santa Rita do Passa Quatro, primeira instala\u00e7\u00e3o modelo do munic\u00edpio.<\/p>\n<p>Nessa quarta-feira dia 25 de setembro de 2019 foi instalada a Placa de Instala\u00e7\u00e3o Modelo na UBS, para que todos que passarem por l\u00e1 saiba quias itens est\u00e3o dispon\u00edveis no pr\u00e9dio.<\/p>\n<p>A UBS Pedro Franco de Oliveira encontra-se localizada \u00e0 Rua Paulo Comin s\/n, pr\u00f3xima \u00e0 Creche Lagoinha e atender\u00e1 toda a popula\u00e7\u00e3o do munic\u00edpio.<\/p>\n<p>A seguir est\u00e3o dispostos 10 itens relacionados a sustentabilidade e acessibilidade encontrados na UBS:<strong>Sensor de presen\u00e7a para ilumina\u00e7\u00e3o nos banheiros, Vitr\u00f4s grandes e basculantes, Torneiras das pias com desligamento autom\u00e1tico, L\u00e2mpadas de LED, Banheiro para deficientes, Lixeira de coleta seletiva, Reuso de \u00c1gua, Ventila\u00e7\u00e3o Cruzada, Biciclet\u00e1rio e Ar Condicionado Econ\u00f4mico.<\/strong><\/p>\n","protected":false},"excerpt":{"rendered":"<p>No ciclo PMVA\u00a02019 foi inaugurada a UBS (Unidade B\u00e1sica de Sa\u00fade) Pedro Franco de Oliveira, no Jardim Lagoinha na cidade<\/p>\n","protected":false},"author":1,"featured_media":2358,"comment_status":"closed","ping_status":"open","sticky":false,"template":"","format":"standard","meta":{"footnotes":""},"categories":[53],"tags":[],"class_list":["post-2357","post","type-post","status-publish","format-standard","has-post-thumbnail","hentry","category-meio-ambiente"],"_links":{"self":[{"href":"https:\/\/www.santaritadopassaquatro.sp.gov.br\/portal\/wp-json\/wp\/v2\/posts\/2357","targetHints":{"allow":["GET"]}}],"collection":[{"href":"https:\/\/www.santaritadopassaquatro.sp.gov.br\/portal\/wp-json\/wp\/v2\/posts"}],"about":[{"href":"https:\/\/www.santaritadopassaquatro.sp.gov.br\/portal\/wp-json\/wp\/v2\/types\/post"}],"author":[{"embeddable":true,"href":"https:\/\/www.santaritadopassaquatro.sp.gov.br\/portal\/wp-json\/wp\/v2\/users\/1"}],"replies":[{"embeddable":true,"href":"https:\/\/www.santaritadopassaquatro.sp.gov.br\/portal\/wp-json\/wp\/v2\/comments?post=2357"}],"version-history":[{"count":0,"href":"https:\/\/www.santaritadopassaquatro.sp.gov.br\/portal\/wp-json\/wp\/v2\/posts\/2357\/revisions"}],"wp:featuredmedia":[{"embeddable":true,"href":"https:\/\/www.santaritadopassaquatro.sp.gov.br\/portal\/wp-json\/wp\/v2\/media\/2358"}],"wp:attachment":[{"href":"https:\/\/www.santaritadopassaquatro.sp.gov.br\/portal\/wp-json\/wp\/v2\/media?parent=2357"}],"wp:term":[{"taxonomy":"category","embeddable":true,"href":"https:\/\/www.santaritadopassaquatro.sp.gov.br\/portal\/wp-json\/wp\/v2\/categories?post=2357"},{"taxonomy":"post_tag","embeddable":true,"href":"https:\/\/www.santaritadopassaquatro.sp.gov.br\/portal\/wp-json\/wp\/v2\/tags?post=2357"}],"curies":[{"name":"wp","href":"https:\/\/api.w.org\/{rel}","templated":true}]}}