{"id":2361,"date":"2019-09-26T14:19:00","date_gmt":"2019-09-26T17:19:00","guid":{"rendered":"http:\/\/www.santaritadopassaquatro.sp.gov.br\/portal\/?p=2361"},"modified":"2019-09-26T14:19:00","modified_gmt":"2019-09-26T17:19:00","slug":"departamento-de-agricultura-e-meio-ambiente-incentiva-a-producao-sustentavel-de-alimentos-atraves-da-feira-do-produtor","status":"publish","type":"post","link":"https:\/\/www.santaritadopassaquatro.sp.gov.br\/portal\/departamento-de-agricultura-e-meio-ambiente-incentiva-a-producao-sustentavel-de-alimentos-atraves-da-feira-do-produtor\/","title":{"rendered":"Departamento de Agricultura e Meio Ambiente incentiva a produ\u00e7\u00e3o sustent\u00e1vel de alimentos atrav\u00e9s da Feira do Produtor"},"content":{"rendered":"<p>&nbsp;<\/p>\n<p><img decoding=\"async\" class=\"size-medium wp-image-2362 alignleft\" src=\"http:\/\/www.santaritadopassaquatro.sp.gov.br\/portal\/wp-content\/uploads\/2019\/09\/Rural-1-169x300.jpg\" alt=\"\" width=\"169\" height=\"300\" srcset=\"https:\/\/www.santaritadopassaquatro.sp.gov.br\/portal\/wp-content\/uploads\/2019\/09\/Rural-1-169x300.jpg 169w, https:\/\/www.santaritadopassaquatro.sp.gov.br\/portal\/wp-content\/uploads\/2019\/09\/Rural-1-576x1024.jpg 576w, https:\/\/www.santaritadopassaquatro.sp.gov.br\/portal\/wp-content\/uploads\/2019\/09\/Rural-1.jpg 720w\" sizes=\"(max-width: 169px) 100vw, 169px\" \/>\u00a0 \u00a0 \u00a0 \u00a0 \u00a0 \u00a0 \u00a0A feira\u00a0do produtor rural de do munic\u00edpio de Santa Rita\u00a0do Passa Quatro destina-se \u00e0 comercializa\u00e7\u00e3o de hortifrutigranjeiros, produtos aliment\u00edcios, artesanato, e entretenimento produzidos por produtores rurais ou mun\u00edcipes de Santa Rita do Passa Quatro.<\/p>\n<p>O Departamento de Agricultura e Meio Ambiente pensando em uma forma de contribuir para a produ\u00e7\u00e3o sustent\u00e1vel de alimentos de nosso munic\u00edpio realizou visitas t\u00e9cnicas nos s\u00edtios dos produtores cadastrados onde esses aprenderam sobre t\u00e9cnicas sustent\u00e1veis como por exemplo o uso de compostagem em seus plantios.<\/p>\n<p><img decoding=\"async\" class=\"size-medium wp-image-2363 alignright\" src=\"http:\/\/www.santaritadopassaquatro.sp.gov.br\/portal\/wp-content\/uploads\/2019\/09\/feira-300x225.jpg\" alt=\"\" width=\"300\" height=\"225\" srcset=\"https:\/\/www.santaritadopassaquatro.sp.gov.br\/portal\/wp-content\/uploads\/2019\/09\/feira-300x225.jpg 300w, https:\/\/www.santaritadopassaquatro.sp.gov.br\/portal\/wp-content\/uploads\/2019\/09\/feira-768x576.jpg 768w, https:\/\/www.santaritadopassaquatro.sp.gov.br\/portal\/wp-content\/uploads\/2019\/09\/feira-1024x768.jpg 1024w, https:\/\/www.santaritadopassaquatro.sp.gov.br\/portal\/wp-content\/uploads\/2019\/09\/feira.jpg 1083w\" sizes=\"(max-width: 300px) 100vw, 300px\" \/>\u00a0 \u00a0 \u00a0 \u00a0 \u00a0 \u00a0A feira tem como objetivo fortalecer o produtor rural Santarritense, oferecendo produtos de boa qualidade e com pre\u00e7o acess\u00edvel, al\u00e9m de oferecer op\u00e7\u00f5es de lazer, alimenta\u00e7\u00e3o e entretenimento alternativos para a popula\u00e7\u00e3o.<\/p>\n<p>O Produtor rural com interesse em participar da feira, destina-se at\u00e9 o Departamento de Agricultura e Meio Ambiente com as seguintes documenta\u00e7\u00f5es em m\u00e3os, RG, CPF, comprovante de resid\u00eancia e um pedido protocolado na Prefeitura Municipal informando em que dias da Feira ele quer participar, e ap\u00f3s uma triagem, visita t\u00e9cnica e pagamento do boleto gerado de acordo com a Lei N.\u00ba 3.357, DE 21 DE JUNHO DE 2017 ele j\u00e1 pode come\u00e7ar na feira de sua escolha.<\/p>\n","protected":false},"excerpt":{"rendered":"<p>&nbsp; \u00a0 \u00a0 \u00a0 \u00a0 \u00a0 \u00a0 \u00a0A feira\u00a0do produtor rural de do munic\u00edpio de Santa Rita\u00a0do Passa Quatro destina-se<\/p>\n","protected":false},"author":1,"featured_media":2363,"comment_status":"closed","ping_status":"open","sticky":false,"template":"","format":"standard","meta":{"footnotes":""},"categories":[53],"tags":[],"class_list":["post-2361","post","type-post","status-publish","format-standard","has-post-thumbnail","hentry","category-meio-ambiente"],"_links":{"self":[{"href":"https:\/\/www.santaritadopassaquatro.sp.gov.br\/portal\/wp-json\/wp\/v2\/posts\/2361","targetHints":{"allow":["GET"]}}],"collection":[{"href":"https:\/\/www.santaritadopassaquatro.sp.gov.br\/portal\/wp-json\/wp\/v2\/posts"}],"about":[{"href":"https:\/\/www.santaritadopassaquatro.sp.gov.br\/portal\/wp-json\/wp\/v2\/types\/post"}],"author":[{"embeddable":true,"href":"https:\/\/www.santaritadopassaquatro.sp.gov.br\/portal\/wp-json\/wp\/v2\/users\/1"}],"replies":[{"embeddable":true,"href":"https:\/\/www.santaritadopassaquatro.sp.gov.br\/portal\/wp-json\/wp\/v2\/comments?post=2361"}],"version-history":[{"count":0,"href":"https:\/\/www.santaritadopassaquatro.sp.gov.br\/portal\/wp-json\/wp\/v2\/posts\/2361\/revisions"}],"wp:featuredmedia":[{"embeddable":true,"href":"https:\/\/www.santaritadopassaquatro.sp.gov.br\/portal\/wp-json\/wp\/v2\/media\/2363"}],"wp:attachment":[{"href":"https:\/\/www.santaritadopassaquatro.sp.gov.br\/portal\/wp-json\/wp\/v2\/media?parent=2361"}],"wp:term":[{"taxonomy":"category","embeddable":true,"href":"https:\/\/www.santaritadopassaquatro.sp.gov.br\/portal\/wp-json\/wp\/v2\/categories?post=2361"},{"taxonomy":"post_tag","embeddable":true,"href":"https:\/\/www.santaritadopassaquatro.sp.gov.br\/portal\/wp-json\/wp\/v2\/tags?post=2361"}],"curies":[{"name":"wp","href":"https:\/\/api.w.org\/{rel}","templated":true}]}}