{"id":2377,"date":"2019-09-26T14:43:48","date_gmt":"2019-09-26T17:43:48","guid":{"rendered":"http:\/\/www.santaritadopassaquatro.sp.gov.br\/portal\/?p=2377"},"modified":"2019-09-26T14:43:48","modified_gmt":"2019-09-26T17:43:48","slug":"saiba-mais-sobre-a-atuacao-do-comdema","status":"publish","type":"post","link":"https:\/\/www.santaritadopassaquatro.sp.gov.br\/portal\/saiba-mais-sobre-a-atuacao-do-comdema\/","title":{"rendered":"Saiba mais sobre a atua\u00e7\u00e3o do Comdema"},"content":{"rendered":"<h5><img decoding=\"async\" class=\" wp-image-2378 alignleft\" src=\"http:\/\/www.santaritadopassaquatro.sp.gov.br\/portal\/wp-content\/uploads\/2019\/09\/asa-300x169.jpg\" alt=\"\" width=\"311\" height=\"175\" srcset=\"https:\/\/www.santaritadopassaquatro.sp.gov.br\/portal\/wp-content\/uploads\/2019\/09\/asa-300x169.jpg 300w, https:\/\/www.santaritadopassaquatro.sp.gov.br\/portal\/wp-content\/uploads\/2019\/09\/asa-768x432.jpg 768w, https:\/\/www.santaritadopassaquatro.sp.gov.br\/portal\/wp-content\/uploads\/2019\/09\/asa-1024x576.jpg 1024w, https:\/\/www.santaritadopassaquatro.sp.gov.br\/portal\/wp-content\/uploads\/2019\/09\/asa.jpg 1299w\" sizes=\"(max-width: 311px) 100vw, 311px\" \/>Conselho Municipal de Defesa do Meio Ambiente de Santa Rita do Passa Quatro (Comdema) est\u00e1 institu\u00eddo por Lei desde 7 de outubro de 2009 (Lei 2.849), desde ent\u00e3o vem discutindo as quest\u00f5es ambientais do munic\u00edpio e poss\u00edveis solu\u00e7\u00f5es para os problemas encontrados.<\/h5>\n<h5>Atualmente as reuni\u00f5es acontecem mensalmente, e contam com membros de diversas \u00e1reas de atua\u00e7\u00e3o do munic\u00edpio, seguindo o disposto da lei n\u00ba 3.102, de 16 de abril de 2013 que estabelece a seguinte forma\u00e7\u00e3o: um representante do Poder Executivo Municipal designado pelo prefeito; um representante da Pol\u00edcia Ambiental; representantes dos \u00d3rg\u00e3os do Executivo Municipal Meio Ambiente e Educa\u00e7\u00e3o; tr\u00eas representantes de setores organizados da sociedade, tais como de entidade civil criada com o objetivo de defesa de interesses de moradores de bairros, associa\u00e7\u00f5es do com\u00e9rcio, da ind\u00fastria, sindicatos, entidade de classe, associa\u00e7\u00e3o civil ligada \u00e0 defesa do meio ambiente ou escolhido entre cidad\u00e3os mais representativos da cidade que estejam envolvidos com quest\u00f5es ambientais, de entidades civis criadas com finalidade de defesa da qualidade do meio ambiente, de institui\u00e7\u00e3o de ensino comprometida com a quest\u00e3o ambiental, dos clubes de servi\u00e7os, etc; um representante da Ordem dos Advogados do Brasil.<\/h5>\n<h5>As pautas das reuni\u00f5es do ano de 2019 foram compostas pelos temas:<\/h5>\n<ul>\n<li>\n<h6>\u00a0Reuni\u00e3o de 29\/01\/2019: Propostas para cumprimento das diretivas de \u201cEstrutura e Educa\u00e7\u00e3o Ambiental\u201d e \u201cGest\u00e3o das \u00c1guas\u201d do Programa Munic\u00edpio Verde Azul.<\/h6>\n<\/li>\n<li>\n<h6>Reuni\u00e3o de 28\/02\/2019: Propostas para cumprimento das diretivas de \u201cBiodiversidade\u201d e \u201cEsgoto Tratado\u201d do Programa Munic\u00edpio Verde Azul, procedimentos de poda de \u00e1rvores na \u00e1rea urbana e diretrizes para instala\u00e7\u00e3o de novos loteamentos.<\/h6>\n<\/li>\n<li>\n<h6>Reuni\u00e3o de 02\/03\/2019: Propostas para cumprimento das diretivas de \u201cConselho Ambiental\u201d e \u201cQualidade do Ar\u201d do Programa Munic\u00edpio Verde Azul, Necessidade de cria\u00e7\u00e3o de conselho de res\u00edduos s\u00f3lidos, e\u00a0\u00a0 elabora\u00e7\u00e3o do plano municipal de res\u00edduos de constru\u00e7\u00e3o civil. Destina\u00e7\u00e3o correta de embalagens de agrot\u00f3xicos<\/h6>\n<\/li>\n<li>\n<h6>Reuni\u00e3o de 14\/05\/2019: Procedimentos de fiscaliza\u00e7\u00e3o ambiental e oferecimento de educa\u00e7\u00e3o ambiental nas escolas da rede p\u00fablica e a relativa atua\u00e7\u00e3o do COMDEMA.<\/h6>\n<\/li>\n<li>\n<h6>Reuni\u00e3o de 26\/06\/2019: Alternativas para elabora\u00e7\u00e3o do plano municipal de res\u00edduos de constru\u00e7\u00e3o civil, a\u00e7\u00f5es relacionadas \u00e0s atividades da \u201cNascente Modelo\u201d e \u201cInstala\u00e7\u00e3o Modelo de Sustentabilidade\u201d.<\/h6>\n<\/li>\n<li>\n<h6>\u00a0Reuni\u00e3o de 15\/08\/2019: Inaugura\u00e7\u00e3o do \u201cCentro de Educa\u00e7\u00e3o Ambiental\u201d localizado na biblioteca municipal.<\/h6>\n<\/li>\n<li>\n<h6>Reuni\u00e3o de 05\/09\/2019: Aprova\u00e7\u00e3o do \u201cPrograma de Educa\u00e7\u00e3o Ambiental\u201d municipal e aprova\u00e7\u00e3o de documento que acrescenta dispositivo \u00e0 Lei 2848 (Arboriza\u00e7\u00e3o Urbana), que regulamenta o processo de compensa\u00e7\u00e3o ambiental para supress\u00e3o de \u00e1rvores nativas urbanas.<\/h6>\n<\/li>\n<\/ul>\n","protected":false},"excerpt":{"rendered":"<p>Conselho Municipal de Defesa do Meio Ambiente de Santa Rita do Passa Quatro (Comdema) est\u00e1 institu\u00eddo por Lei desde 7<\/p>\n","protected":false},"author":1,"featured_media":0,"comment_status":"closed","ping_status":"open","sticky":false,"template":"","format":"standard","meta":{"footnotes":""},"categories":[53],"tags":[],"class_list":["post-2377","post","type-post","status-publish","format-standard","hentry","category-meio-ambiente"],"_links":{"self":[{"href":"https:\/\/www.santaritadopassaquatro.sp.gov.br\/portal\/wp-json\/wp\/v2\/posts\/2377","targetHints":{"allow":["GET"]}}],"collection":[{"href":"https:\/\/www.santaritadopassaquatro.sp.gov.br\/portal\/wp-json\/wp\/v2\/posts"}],"about":[{"href":"https:\/\/www.santaritadopassaquatro.sp.gov.br\/portal\/wp-json\/wp\/v2\/types\/post"}],"author":[{"embeddable":true,"href":"https:\/\/www.santaritadopassaquatro.sp.gov.br\/portal\/wp-json\/wp\/v2\/users\/1"}],"replies":[{"embeddable":true,"href":"https:\/\/www.santaritadopassaquatro.sp.gov.br\/portal\/wp-json\/wp\/v2\/comments?post=2377"}],"version-history":[{"count":0,"href":"https:\/\/www.santaritadopassaquatro.sp.gov.br\/portal\/wp-json\/wp\/v2\/posts\/2377\/revisions"}],"wp:attachment":[{"href":"https:\/\/www.santaritadopassaquatro.sp.gov.br\/portal\/wp-json\/wp\/v2\/media?parent=2377"}],"wp:term":[{"taxonomy":"category","embeddable":true,"href":"https:\/\/www.santaritadopassaquatro.sp.gov.br\/portal\/wp-json\/wp\/v2\/categories?post=2377"},{"taxonomy":"post_tag","embeddable":true,"href":"https:\/\/www.santaritadopassaquatro.sp.gov.br\/portal\/wp-json\/wp\/v2\/tags?post=2377"}],"curies":[{"name":"wp","href":"https:\/\/api.w.org\/{rel}","templated":true}]}}