{"id":2381,"date":"2019-09-26T14:49:31","date_gmt":"2019-09-26T17:49:31","guid":{"rendered":"http:\/\/www.santaritadopassaquatro.sp.gov.br\/portal\/?p=2381"},"modified":"2019-09-26T14:49:31","modified_gmt":"2019-09-26T17:49:31","slug":"membros-do-comdema-realizam-visitas-tecnicas","status":"publish","type":"post","link":"https:\/\/www.santaritadopassaquatro.sp.gov.br\/portal\/membros-do-comdema-realizam-visitas-tecnicas\/","title":{"rendered":"Membros do COMDEMA realizam visitas t\u00e9cnicas"},"content":{"rendered":"<h5 style=\"text-align: center;\">No ciclo de 2019 no dia 20 de setembro de 2019, a equipe do COMDEMA visitou os casos mais cr\u00edticos relacionados aos temas discutidos nas reuni\u00f5es, envolvendo queimadas urbanas, instala\u00e7\u00e3o de loteamentos e arboriza\u00e7\u00e3o urbana.<\/h5>\n<h5 style=\"text-align: center;\">Entre as visitas o Comdema passou por uma \u00e1rea de interesse para implanta\u00e7\u00e3o de loteamento, e outra para implanta\u00e7\u00e3o de florestas urbanas, tamb\u00e9m visitou locais onde ocorreram queimadas urbanas e locais com potencial risco de fogo.<\/h5>\n<p><img decoding=\"async\" class=\"size-medium wp-image-2382 aligncenter\" src=\"http:\/\/www.santaritadopassaquatro.sp.gov.br\/portal\/wp-content\/uploads\/2019\/09\/a1-300x225.jpg\" alt=\"\" width=\"300\" height=\"225\" srcset=\"https:\/\/www.santaritadopassaquatro.sp.gov.br\/portal\/wp-content\/uploads\/2019\/09\/a1-300x225.jpg 300w, https:\/\/www.santaritadopassaquatro.sp.gov.br\/portal\/wp-content\/uploads\/2019\/09\/a1-768x576.jpg 768w, https:\/\/www.santaritadopassaquatro.sp.gov.br\/portal\/wp-content\/uploads\/2019\/09\/a1-1024x768.jpg 1024w, https:\/\/www.santaritadopassaquatro.sp.gov.br\/portal\/wp-content\/uploads\/2019\/09\/a1.jpg 1387w\" sizes=\"(max-width: 300px) 100vw, 300px\" \/><\/p>\n<p style=\"text-align: center;\"><em><strong>(Visita da equipe do COMDEMA a local com interesse de loteamento)<\/strong><\/em><\/p>\n<h5 style=\"text-align: center;\">Em rela\u00e7\u00e3o ao loteamento, a equipe do COMDEMA pode observar que existem muitas \u00e1rvores nativas a serem suprimidas, inclusive de esp\u00e9cies protegidas por lei (Pequi), ent\u00e3o resolveu elaborar um parecer para que o interessado apresente dados mais robustos, atrav\u00e9s de relat\u00f3rio, com propostas de conserva\u00e7\u00e3o e licen\u00e7as ambientais da CETESB.<\/h5>\n<h5 style=\"text-align: center;\">\u00a0\u00a0\u00a0\u00a0\u00a0\u00a0\u00a0\u00a0\u00a0\u00a0\u00a0 Nos locais com incid\u00eancia de queimadas, o COMDEMA p\u00f4de constatar que se trata de um fragmento bastante importante para a conserva\u00e7\u00e3o de biodiversidade e qualidade ambiental da \u00e1rea urbana, portanto deve-se zelar de maneira mais efetiva para a prote\u00e7\u00e3o do local. Foi ent\u00e3o feita uma solicita\u00e7\u00e3o \u00e0 prefeitura, para que intensifique a fiscaliza\u00e7\u00e3o, e que d\u00ea melhor aten\u00e7\u00e3o no caso de combate aos inc\u00eandios no local.<\/h5>\n<p style=\"text-align: center;\"><img decoding=\"async\" class=\"alignnone size-medium wp-image-2383\" src=\"http:\/\/www.santaritadopassaquatro.sp.gov.br\/portal\/wp-content\/uploads\/2019\/09\/a2-300x225.jpg\" alt=\"\" width=\"300\" height=\"225\" srcset=\"https:\/\/www.santaritadopassaquatro.sp.gov.br\/portal\/wp-content\/uploads\/2019\/09\/a2-300x225.jpg 300w, https:\/\/www.santaritadopassaquatro.sp.gov.br\/portal\/wp-content\/uploads\/2019\/09\/a2-768x576.jpg 768w, https:\/\/www.santaritadopassaquatro.sp.gov.br\/portal\/wp-content\/uploads\/2019\/09\/a2-1024x768.jpg 1024w, https:\/\/www.santaritadopassaquatro.sp.gov.br\/portal\/wp-content\/uploads\/2019\/09\/a2.jpg 1387w\" sizes=\"(max-width: 300px) 100vw, 300px\" \/><\/p>\n<p style=\"text-align: center;\"><em><strong>(Visita da equipe do COMDEMA \u00e0 local com incid\u00eancia de queimadas em fragmentos\u00a0da \u00e1rea urbana.)<\/strong><\/em><\/p>\n<h5 style=\"text-align: center;\">\u00a0\u00a0\u00a0\u00a0\u00a0\u00a0\u00a0\u00a0\u00a0\u00a0\u00a0 A Avenida Augusto Zorzi \u00e9 um ponto estrat\u00e9gico para a drenagem da \u00e1rea urbana do munic\u00edpio, pois recebe \u00e1guas pluviais de v\u00e1rias vertentes que vem dos bairros. Arborizar essa via se trata de uma a\u00e7\u00e3o de extrema import\u00e2ncia para que possa ajudar de melhor forma a absor\u00e7\u00e3o e condu\u00e7\u00e3o de \u00e1gua. O COMDEMA est\u00e1 averiguando, junto \u00e0 prefeitura, a disponibilidade de utiliza\u00e7\u00e3o das \u00e1reas e atuar\u00e1 ativamente nos plantios no ano de 2020.<\/h5>\n<p><img decoding=\"async\" class=\"size-medium wp-image-2384 aligncenter\" src=\"http:\/\/www.santaritadopassaquatro.sp.gov.br\/portal\/wp-content\/uploads\/2019\/09\/a3-300x225.jpg\" alt=\"\" width=\"300\" height=\"225\" srcset=\"https:\/\/www.santaritadopassaquatro.sp.gov.br\/portal\/wp-content\/uploads\/2019\/09\/a3-300x225.jpg 300w, https:\/\/www.santaritadopassaquatro.sp.gov.br\/portal\/wp-content\/uploads\/2019\/09\/a3-768x576.jpg 768w, https:\/\/www.santaritadopassaquatro.sp.gov.br\/portal\/wp-content\/uploads\/2019\/09\/a3-1024x768.jpg 1024w, https:\/\/www.santaritadopassaquatro.sp.gov.br\/portal\/wp-content\/uploads\/2019\/09\/a3.jpg 1387w\" sizes=\"(max-width: 300px) 100vw, 300px\" \/><\/p>\n<p style=\"text-align: center;\"><strong><em>(Visita da equipe do COMDEMA \u00e0 local com potencial para implanta\u00e7\u00e3o de floresta urbana.)<\/em><\/strong><\/p>\n","protected":false},"excerpt":{"rendered":"<p>No ciclo de 2019 no dia 20 de setembro de 2019, a equipe do COMDEMA visitou os casos mais cr\u00edticos<\/p>\n","protected":false},"author":1,"featured_media":2382,"comment_status":"closed","ping_status":"open","sticky":false,"template":"","format":"standard","meta":{"footnotes":""},"categories":[53],"tags":[],"class_list":["post-2381","post","type-post","status-publish","format-standard","has-post-thumbnail","hentry","category-meio-ambiente"],"_links":{"self":[{"href":"https:\/\/www.santaritadopassaquatro.sp.gov.br\/portal\/wp-json\/wp\/v2\/posts\/2381","targetHints":{"allow":["GET"]}}],"collection":[{"href":"https:\/\/www.santaritadopassaquatro.sp.gov.br\/portal\/wp-json\/wp\/v2\/posts"}],"about":[{"href":"https:\/\/www.santaritadopassaquatro.sp.gov.br\/portal\/wp-json\/wp\/v2\/types\/post"}],"author":[{"embeddable":true,"href":"https:\/\/www.santaritadopassaquatro.sp.gov.br\/portal\/wp-json\/wp\/v2\/users\/1"}],"replies":[{"embeddable":true,"href":"https:\/\/www.santaritadopassaquatro.sp.gov.br\/portal\/wp-json\/wp\/v2\/comments?post=2381"}],"version-history":[{"count":0,"href":"https:\/\/www.santaritadopassaquatro.sp.gov.br\/portal\/wp-json\/wp\/v2\/posts\/2381\/revisions"}],"wp:featuredmedia":[{"embeddable":true,"href":"https:\/\/www.santaritadopassaquatro.sp.gov.br\/portal\/wp-json\/wp\/v2\/media\/2382"}],"wp:attachment":[{"href":"https:\/\/www.santaritadopassaquatro.sp.gov.br\/portal\/wp-json\/wp\/v2\/media?parent=2381"}],"wp:term":[{"taxonomy":"category","embeddable":true,"href":"https:\/\/www.santaritadopassaquatro.sp.gov.br\/portal\/wp-json\/wp\/v2\/categories?post=2381"},{"taxonomy":"post_tag","embeddable":true,"href":"https:\/\/www.santaritadopassaquatro.sp.gov.br\/portal\/wp-json\/wp\/v2\/tags?post=2381"}],"curies":[{"name":"wp","href":"https:\/\/api.w.org\/{rel}","templated":true}]}}