{"id":2422,"date":"2019-09-27T10:20:54","date_gmt":"2019-09-27T13:20:54","guid":{"rendered":"http:\/\/www.santaritadopassaquatro.sp.gov.br\/portal\/?p=2422"},"modified":"2019-09-27T10:20:54","modified_gmt":"2019-09-27T13:20:54","slug":"viveiro-de-mudas-de-santa-rita-do-passa-quatro","status":"publish","type":"post","link":"https:\/\/www.santaritadopassaquatro.sp.gov.br\/portal\/viveiro-de-mudas-de-santa-rita-do-passa-quatro\/","title":{"rendered":"Viveiro de Mudas de Santa Rita do Passa Quatro"},"content":{"rendered":"<p><img decoding=\"async\" class=\"size-medium wp-image-2423 alignleft\" src=\"http:\/\/www.santaritadopassaquatro.sp.gov.br\/portal\/wp-content\/uploads\/2019\/09\/foto-1-300x225.png\" alt=\"\" width=\"300\" height=\"225\" srcset=\"https:\/\/www.santaritadopassaquatro.sp.gov.br\/portal\/wp-content\/uploads\/2019\/09\/foto-1-300x225.png 300w, https:\/\/www.santaritadopassaquatro.sp.gov.br\/portal\/wp-content\/uploads\/2019\/09\/foto-1-768x576.png 768w, https:\/\/www.santaritadopassaquatro.sp.gov.br\/portal\/wp-content\/uploads\/2019\/09\/foto-1-1024x767.png 1024w, https:\/\/www.santaritadopassaquatro.sp.gov.br\/portal\/wp-content\/uploads\/2019\/09\/foto-1.png 1213w\" sizes=\"(max-width: 300px) 100vw, 300px\" \/><\/p>\n<p>As arvores, n\u00e3o s\u00f3 da \u00e1rea urbana, desempenham muitos benef\u00edcios, n\u00e3o<br \/>\ns\u00f3 para as pessoas, mas para todo o ecossistema, incluindo seus aspectos f\u00edsicos,<br \/>\nflora e fauna, e de acordo com XANXER\u00ca (2009) os benef\u00edcios da arboriza\u00e7\u00e3o<br \/>\nurbana seriam um melhor efeito est\u00e9tico, sombra para os pedestres e ve\u00edculos,<br \/>\nproteger e direcionar o vento, amortecer o som, amenizar a polui\u00e7\u00e3o sonora,<br \/>\nmelhorar a qualidade do ar e preservar a fauna silvestre.<br \/>\nProduzir suas pr\u00f3prias mudas pode significar economia de recursos, al\u00e9m<br \/>\nde disponibilidade de se ter esp\u00e9cies dificilmente encontradas no com\u00e9rcio, e de<br \/>\nse poder escolher as melhores matrizes, perpetuando a boa gen\u00e9tica dos<br \/>\nexemplares.<br \/>\nEm 2014 foi firmada entre a prefeitura municipal de Santa Rita do Passa<br \/>\nQuatro e o Centro Paula Souza (ETEC), uma parceria onde a escola sede o<br \/>\nespa\u00e7o f\u00edsico onde a prefeitura montou a estrutura de um viveiro de produ\u00e7\u00e3o de<img decoding=\"async\" class=\"size-medium wp-image-2424 alignright\" src=\"http:\/\/www.santaritadopassaquatro.sp.gov.br\/portal\/wp-content\/uploads\/2019\/09\/foto-2-300x225.png\" alt=\"\" width=\"300\" height=\"225\" srcset=\"https:\/\/www.santaritadopassaquatro.sp.gov.br\/portal\/wp-content\/uploads\/2019\/09\/foto-2-300x225.png 300w, https:\/\/www.santaritadopassaquatro.sp.gov.br\/portal\/wp-content\/uploads\/2019\/09\/foto-2-768x576.png 768w, https:\/\/www.santaritadopassaquatro.sp.gov.br\/portal\/wp-content\/uploads\/2019\/09\/foto-2-1024x767.png 1024w, https:\/\/www.santaritadopassaquatro.sp.gov.br\/portal\/wp-content\/uploads\/2019\/09\/foto-2.png 1213w\" sizes=\"(max-width: 300px) 100vw, 300px\" \/><br \/>\nmudas. A ETEC Manoel dos Reis Ara\u00fajo fica na Avenida Paris, 79 bairro<br \/>\nCinel\u00e2ndia e o viveiro tem \u00e1rea total de 5.400m2, sua estrutura \u00e9 montada com<br \/>\nbase de concreto e vigas de madeira coberto com pl\u00e1stico transparente e nas<br \/>\nlaterais, sombrite transpar\u00eancia 50% com 10m de largura por 20m de<br \/>\ncomprimento. A parte interna possui tr\u00eas canteiros de germina\u00e7\u00e3o de sementes,<br \/>\ncom sistema de irriga\u00e7\u00e3o por aspers\u00e3o totalizando 16 metros de comprimento por<br \/>\n2 m de largura com 96 m2 de \u00e1rea interna utilizada.<br \/>\nO viveiro ainda conta estrutura montada com pilastras de concreto e<br \/>\ncobertura de arame amarrado coberto com sombrite transpar\u00eancia 50% de<br \/>\nsombreamento com 8m de largura por 20m de comprimento utilizados com 8<br \/>\ncanteiros com 5 m de comprimento e 3 m de largura totalizando 120 m2 de \u00e1rea.<br \/>\nA parte n\u00e3o coberta (Canteiros externos) tem 12 canteiros de 15 m de<br \/>\nextens\u00e3o por 2,5 m de largura resultando em uma \u00e1rea de 450 m2.<br \/>\nO viveiro municipal mant\u00e9m um projeto denominado \u201cRefloreste suas<br \/>\nNascentes\u201d que faz a doa\u00e7\u00e3o gratuita de mudas de \u00e1rvores nativas da regi\u00e3o aos<br \/>\nprodutores rurais do munic\u00edpio.<br \/>\nO objetivo da a\u00e7\u00e3o \u00e9 reflorestar as nascentes para aumentar a quantidade<br \/>\nde \u00e1gua nos c\u00f3rregos, minimizando problemas com assoreamentos e colaborando<br \/>\ncom a presen\u00e7a de animais que se alojam nas \u00c1reas de Prote\u00e7\u00e3o Permanente<br \/>\n(APP). Desde sua cria\u00e7\u00e3o, o viveiro j\u00e1 fez a doa\u00e7\u00e3o de mudas para<\/p>\n<p>reflorestamento de mais de 50 nascentes do munic\u00edpio.<\/p>\n","protected":false},"excerpt":{"rendered":"<p>As arvores, n\u00e3o s\u00f3 da \u00e1rea urbana, desempenham muitos benef\u00edcios, n\u00e3o s\u00f3 para as pessoas, mas para todo o ecossistema,<\/p>\n","protected":false},"author":1,"featured_media":2423,"comment_status":"closed","ping_status":"open","sticky":false,"template":"","format":"standard","meta":{"footnotes":""},"categories":[53],"tags":[],"class_list":["post-2422","post","type-post","status-publish","format-standard","has-post-thumbnail","hentry","category-meio-ambiente"],"_links":{"self":[{"href":"https:\/\/www.santaritadopassaquatro.sp.gov.br\/portal\/wp-json\/wp\/v2\/posts\/2422","targetHints":{"allow":["GET"]}}],"collection":[{"href":"https:\/\/www.santaritadopassaquatro.sp.gov.br\/portal\/wp-json\/wp\/v2\/posts"}],"about":[{"href":"https:\/\/www.santaritadopassaquatro.sp.gov.br\/portal\/wp-json\/wp\/v2\/types\/post"}],"author":[{"embeddable":true,"href":"https:\/\/www.santaritadopassaquatro.sp.gov.br\/portal\/wp-json\/wp\/v2\/users\/1"}],"replies":[{"embeddable":true,"href":"https:\/\/www.santaritadopassaquatro.sp.gov.br\/portal\/wp-json\/wp\/v2\/comments?post=2422"}],"version-history":[{"count":0,"href":"https:\/\/www.santaritadopassaquatro.sp.gov.br\/portal\/wp-json\/wp\/v2\/posts\/2422\/revisions"}],"wp:featuredmedia":[{"embeddable":true,"href":"https:\/\/www.santaritadopassaquatro.sp.gov.br\/portal\/wp-json\/wp\/v2\/media\/2423"}],"wp:attachment":[{"href":"https:\/\/www.santaritadopassaquatro.sp.gov.br\/portal\/wp-json\/wp\/v2\/media?parent=2422"}],"wp:term":[{"taxonomy":"category","embeddable":true,"href":"https:\/\/www.santaritadopassaquatro.sp.gov.br\/portal\/wp-json\/wp\/v2\/categories?post=2422"},{"taxonomy":"post_tag","embeddable":true,"href":"https:\/\/www.santaritadopassaquatro.sp.gov.br\/portal\/wp-json\/wp\/v2\/tags?post=2422"}],"curies":[{"name":"wp","href":"https:\/\/api.w.org\/{rel}","templated":true}]}}