{"id":2438,"date":"2019-09-27T10:49:44","date_gmt":"2019-09-27T13:49:44","guid":{"rendered":"http:\/\/www.santaritadopassaquatro.sp.gov.br\/portal\/?p=2438"},"modified":"2019-09-27T10:49:44","modified_gmt":"2019-09-27T13:49:44","slug":"programa-de-compostagem-no-viveiro-municipal-de-santa-rita-do-passa-quatro","status":"publish","type":"post","link":"https:\/\/www.santaritadopassaquatro.sp.gov.br\/portal\/programa-de-compostagem-no-viveiro-municipal-de-santa-rita-do-passa-quatro\/","title":{"rendered":"Programa de Compostagem no Viveiro Municipal de Santa Rita do Passa Quatro"},"content":{"rendered":"<p><img decoding=\"async\" class=\"size-medium wp-image-2439 alignleft\" src=\"http:\/\/www.santaritadopassaquatro.sp.gov.br\/portal\/wp-content\/uploads\/2019\/09\/foto-9-300x171.png\" alt=\"\" width=\"300\" height=\"171\" srcset=\"https:\/\/www.santaritadopassaquatro.sp.gov.br\/portal\/wp-content\/uploads\/2019\/09\/foto-9-300x171.png 300w, https:\/\/www.santaritadopassaquatro.sp.gov.br\/portal\/wp-content\/uploads\/2019\/09\/foto-9.png 540w\" sizes=\"(max-width: 300px) 100vw, 300px\" \/><\/p>\n<p>Desde 2017 o Viveiro Municipal, localizado \u00e0 ETE &#8220;Manoel dos Reis Ara\u00fajo&#8221;, vem desenvolvendo a pr\u00e1tica da compostagem, todo material gerado nas atividades do viveiro de mudas \u00e9 disposto em \u201cleiras\u201d (ac\u00famulo linear de material), e assim que se obt\u00e9m boa quantidade, ele \u00e9 coberto com uma camada de aproximadamente 10cm de esterco de curral.<img decoding=\"async\" class=\"alignnone size-medium wp-image-2440 alignright\" src=\"http:\/\/www.santaritadopassaquatro.sp.gov.br\/portal\/wp-content\/uploads\/2019\/09\/foto-10-300x223.png\" alt=\"\" width=\"300\" height=\"223\" srcset=\"https:\/\/www.santaritadopassaquatro.sp.gov.br\/portal\/wp-content\/uploads\/2019\/09\/foto-10-300x223.png 300w, https:\/\/www.santaritadopassaquatro.sp.gov.br\/portal\/wp-content\/uploads\/2019\/09\/foto-10-768x570.png 768w, https:\/\/www.santaritadopassaquatro.sp.gov.br\/portal\/wp-content\/uploads\/2019\/09\/foto-10.png 1008w\" sizes=\"(max-width: 300px) 100vw, 300px\" \/><br \/>\nO processo de decomposi\u00e7\u00e3o da mat\u00e9ria org\u00e2nica pode durar at\u00e9 120 dias, dependendo das condi\u00e7\u00f5es de temperatura e humidade, por isso nos per\u00edodos de maior estiagem o material \u00e9 molhado, o que facilita a penetra\u00e7\u00e3o do esterco e prolifera\u00e7\u00e3o de bact\u00e9rias e fungos que atuam na decomposi\u00e7\u00e3o.<br \/>\nNo ano passado toda a produ\u00e7\u00e3o foi absorvida pelo pr\u00f3prio Viveiro e pelas hortas dos projetos desenvolvidos da escola \u201cLaura Suriani Barbuio\u201d e Instituto das Filhas de S\u00e3o Jos\u00e9, por isso o Departamento de Agricultura e Meio Ambiente est\u00e1 convidando a popula\u00e7\u00e3o a destinar seus materiais org\u00e2nicos provenientes de podas, ao piloto de compostagem, contribuindo com o volume de composto gerado e com a diminui\u00e7\u00e3o do lixo destinado ao aterro, para intensificar a produ\u00e7\u00e3o de 2019.<br \/>\nEssa a\u00e7\u00e3o faz parte da diretiva Res\u00edduos S\u00f3lidos do ciclo 2019 do Programa Munic\u00edpio Verde Azul.<\/p>\n","protected":false},"excerpt":{"rendered":"<p>Desde 2017 o Viveiro Municipal, localizado \u00e0 ETE &#8220;Manoel dos Reis Ara\u00fajo&#8221;, vem desenvolvendo a pr\u00e1tica da compostagem, todo material<\/p>\n","protected":false},"author":1,"featured_media":2439,"comment_status":"closed","ping_status":"open","sticky":false,"template":"","format":"standard","meta":{"footnotes":""},"categories":[53],"tags":[],"class_list":["post-2438","post","type-post","status-publish","format-standard","has-post-thumbnail","hentry","category-meio-ambiente"],"_links":{"self":[{"href":"https:\/\/www.santaritadopassaquatro.sp.gov.br\/portal\/wp-json\/wp\/v2\/posts\/2438","targetHints":{"allow":["GET"]}}],"collection":[{"href":"https:\/\/www.santaritadopassaquatro.sp.gov.br\/portal\/wp-json\/wp\/v2\/posts"}],"about":[{"href":"https:\/\/www.santaritadopassaquatro.sp.gov.br\/portal\/wp-json\/wp\/v2\/types\/post"}],"author":[{"embeddable":true,"href":"https:\/\/www.santaritadopassaquatro.sp.gov.br\/portal\/wp-json\/wp\/v2\/users\/1"}],"replies":[{"embeddable":true,"href":"https:\/\/www.santaritadopassaquatro.sp.gov.br\/portal\/wp-json\/wp\/v2\/comments?post=2438"}],"version-history":[{"count":0,"href":"https:\/\/www.santaritadopassaquatro.sp.gov.br\/portal\/wp-json\/wp\/v2\/posts\/2438\/revisions"}],"wp:featuredmedia":[{"embeddable":true,"href":"https:\/\/www.santaritadopassaquatro.sp.gov.br\/portal\/wp-json\/wp\/v2\/media\/2439"}],"wp:attachment":[{"href":"https:\/\/www.santaritadopassaquatro.sp.gov.br\/portal\/wp-json\/wp\/v2\/media?parent=2438"}],"wp:term":[{"taxonomy":"category","embeddable":true,"href":"https:\/\/www.santaritadopassaquatro.sp.gov.br\/portal\/wp-json\/wp\/v2\/categories?post=2438"},{"taxonomy":"post_tag","embeddable":true,"href":"https:\/\/www.santaritadopassaquatro.sp.gov.br\/portal\/wp-json\/wp\/v2\/tags?post=2438"}],"curies":[{"name":"wp","href":"https:\/\/api.w.org\/{rel}","templated":true}]}}