{"id":2442,"date":"2019-09-27T10:55:39","date_gmt":"2019-09-27T13:55:39","guid":{"rendered":"http:\/\/www.santaritadopassaquatro.sp.gov.br\/portal\/?p=2442"},"modified":"2019-09-27T10:55:39","modified_gmt":"2019-09-27T13:55:39","slug":"reuniao-da-comissao-de-educacao-ambiental","status":"publish","type":"post","link":"https:\/\/www.santaritadopassaquatro.sp.gov.br\/portal\/reuniao-da-comissao-de-educacao-ambiental\/","title":{"rendered":"Reuni\u00e3o da Comiss\u00e3o de Educa\u00e7\u00e3o Ambiental"},"content":{"rendered":"<p style=\"text-align: left\"><img decoding=\"async\" class=\"size-medium wp-image-2443 alignleft\" src=\"http:\/\/www.santaritadopassaquatro.sp.gov.br\/portal\/wp-content\/uploads\/2019\/09\/foto-11-300x218.png\" alt=\"\" width=\"300\" height=\"218\" srcset=\"https:\/\/www.santaritadopassaquatro.sp.gov.br\/portal\/wp-content\/uploads\/2019\/09\/foto-11-300x218.png 300w, https:\/\/www.santaritadopassaquatro.sp.gov.br\/portal\/wp-content\/uploads\/2019\/09\/foto-11.png 590w\" sizes=\"(max-width: 300px) 100vw, 300px\" \/>No dia 27 de setembro de 2019 foi realizada a primeira reuni\u00e3o da Comiss\u00e3o de Educa\u00e7\u00e3o Ambiental, a comiss\u00e3o foi reformulada para ser parit\u00e1ria, e para poder discutir assuntos relacionados \u00e0 educa\u00e7\u00e3o ambiental no munic\u00edpio.<br \/>\nOs assuntos abordados foram os projetos que o Departamento de Agricultura e Meio Ambiente vem desenvolvendo juntamente com \u00f3rg\u00e3os institucionais e escolas municipais, como COMASA, Usina Santa Rita, Instituto Florestal.<br \/>\nDiscutir as melhores estrat\u00e9gias para atingir toda a comunidade \u00e9 de extrema import\u00e2ncia para o conselho, pois assim \u00e9 poss\u00edvel ter uma no\u00e7\u00e3o da abrang\u00eancia do Programa de Educa\u00e7\u00e3o Ambiental do munic\u00edpio de Santa Rita do Passa Quatro.<\/p>\n","protected":false},"excerpt":{"rendered":"<p>No dia 27 de setembro de 2019 foi realizada a primeira reuni\u00e3o da Comiss\u00e3o de Educa\u00e7\u00e3o Ambiental, a comiss\u00e3o foi<\/p>\n","protected":false},"author":1,"featured_media":2443,"comment_status":"closed","ping_status":"open","sticky":false,"template":"","format":"standard","meta":{"footnotes":""},"categories":[53],"tags":[],"class_list":["post-2442","post","type-post","status-publish","format-standard","has-post-thumbnail","hentry","category-meio-ambiente"],"_links":{"self":[{"href":"https:\/\/www.santaritadopassaquatro.sp.gov.br\/portal\/wp-json\/wp\/v2\/posts\/2442","targetHints":{"allow":["GET"]}}],"collection":[{"href":"https:\/\/www.santaritadopassaquatro.sp.gov.br\/portal\/wp-json\/wp\/v2\/posts"}],"about":[{"href":"https:\/\/www.santaritadopassaquatro.sp.gov.br\/portal\/wp-json\/wp\/v2\/types\/post"}],"author":[{"embeddable":true,"href":"https:\/\/www.santaritadopassaquatro.sp.gov.br\/portal\/wp-json\/wp\/v2\/users\/1"}],"replies":[{"embeddable":true,"href":"https:\/\/www.santaritadopassaquatro.sp.gov.br\/portal\/wp-json\/wp\/v2\/comments?post=2442"}],"version-history":[{"count":0,"href":"https:\/\/www.santaritadopassaquatro.sp.gov.br\/portal\/wp-json\/wp\/v2\/posts\/2442\/revisions"}],"wp:featuredmedia":[{"embeddable":true,"href":"https:\/\/www.santaritadopassaquatro.sp.gov.br\/portal\/wp-json\/wp\/v2\/media\/2443"}],"wp:attachment":[{"href":"https:\/\/www.santaritadopassaquatro.sp.gov.br\/portal\/wp-json\/wp\/v2\/media?parent=2442"}],"wp:term":[{"taxonomy":"category","embeddable":true,"href":"https:\/\/www.santaritadopassaquatro.sp.gov.br\/portal\/wp-json\/wp\/v2\/categories?post=2442"},{"taxonomy":"post_tag","embeddable":true,"href":"https:\/\/www.santaritadopassaquatro.sp.gov.br\/portal\/wp-json\/wp\/v2\/tags?post=2442"}],"curies":[{"name":"wp","href":"https:\/\/api.w.org\/{rel}","templated":true}]}}