{"id":2445,"date":"2019-09-27T13:05:38","date_gmt":"2019-09-27T16:05:38","guid":{"rendered":"http:\/\/www.santaritadopassaquatro.sp.gov.br\/portal\/?p=2445"},"modified":"2019-09-27T13:05:38","modified_gmt":"2019-09-27T16:05:38","slug":"departamento-de-agricultura-e-meio-ambiente-realiza-curso-sobre-principios-de-poda-de-arvores-urbanas","status":"publish","type":"post","link":"https:\/\/www.santaritadopassaquatro.sp.gov.br\/portal\/departamento-de-agricultura-e-meio-ambiente-realiza-curso-sobre-principios-de-poda-de-arvores-urbanas\/","title":{"rendered":"Departamento de Agricultura e Meio Ambiente realiza Curso sobre Princ\u00edpios de Poda de \u00c1rvores Urbanas"},"content":{"rendered":"<h4><img decoding=\"async\" class=\"size-medium wp-image-2446 alignleft\" src=\"http:\/\/www.santaritadopassaquatro.sp.gov.br\/portal\/wp-content\/uploads\/2019\/09\/foto-12-180x300.png\" alt=\"\" width=\"180\" height=\"300\" srcset=\"https:\/\/www.santaritadopassaquatro.sp.gov.br\/portal\/wp-content\/uploads\/2019\/09\/foto-12-180x300.png 180w, https:\/\/www.santaritadopassaquatro.sp.gov.br\/portal\/wp-content\/uploads\/2019\/09\/foto-12.png 291w\" sizes=\"(max-width: 180px) 100vw, 180px\" \/> No \u00faltimo dia 25 de setembro de 2019, foi realizado no munic\u00edpio de Santo \u2013 SP, uma capacita\u00e7\u00e3o sobre poda de \u00e1rvores <img decoding=\"async\" class=\"size-medium wp-image-2447 alignright\" src=\"http:\/\/www.santaritadopassaquatro.sp.gov.br\/portal\/wp-content\/uploads\/2019\/09\/foto-13-172x300.png\" alt=\"\" width=\"172\" height=\"300\" srcset=\"https:\/\/www.santaritadopassaquatro.sp.gov.br\/portal\/wp-content\/uploads\/2019\/09\/foto-13-172x300.png 172w, https:\/\/www.santaritadopassaquatro.sp.gov.br\/portal\/wp-content\/uploads\/2019\/09\/foto-13.png 299w\" sizes=\"(max-width: 172px) 100vw, 172px\" \/>urbanas.<br \/>\nO curso foi ministrado por Jos\u00e9 Walter Figueiredo, coordenador do Programa Munic\u00edpio Verde Azul o qual Santa Rita do Passa Quatro faz parte.<br \/>\nDurante o curso foram abordados assuntos como Conselho Municipal, regulamenta\u00e7\u00f5es, poda de forma\u00e7\u00e3o, poda criteriosa, evitar super brota\u00e7\u00e3o e ao final foi desenvolvida uma pr\u00e1tica de poda na pra\u00e7a do munic\u00edpio de Salto, para exemplificar tudo o que foi discutido durante a capacita\u00e7\u00e3o.<br \/>\nParticiparam da capacita\u00e7\u00e3o o Engenheiro Agr\u00f4nomo Armando Peron Neto e a funcion\u00e1ria Neusa Andriolli Fonseca do Departamento de Agricultura e Meio Ambiente.<br \/>\nEssa capacita\u00e7\u00e3o foi oferecida pelo Programa Munic\u00edpio Verde Azul e faz parte do ciclo 2019 da diretiva arboriza\u00e7\u00e3o urbana.<\/h4>\n","protected":false},"excerpt":{"rendered":"<p>No \u00faltimo dia 25 de setembro de 2019, foi realizado no munic\u00edpio de Santo \u2013 SP, uma capacita\u00e7\u00e3o sobre poda<\/p>\n","protected":false},"author":1,"featured_media":2447,"comment_status":"closed","ping_status":"open","sticky":false,"template":"","format":"standard","meta":{"footnotes":""},"categories":[53],"tags":[],"class_list":["post-2445","post","type-post","status-publish","format-standard","has-post-thumbnail","hentry","category-meio-ambiente"],"_links":{"self":[{"href":"https:\/\/www.santaritadopassaquatro.sp.gov.br\/portal\/wp-json\/wp\/v2\/posts\/2445","targetHints":{"allow":["GET"]}}],"collection":[{"href":"https:\/\/www.santaritadopassaquatro.sp.gov.br\/portal\/wp-json\/wp\/v2\/posts"}],"about":[{"href":"https:\/\/www.santaritadopassaquatro.sp.gov.br\/portal\/wp-json\/wp\/v2\/types\/post"}],"author":[{"embeddable":true,"href":"https:\/\/www.santaritadopassaquatro.sp.gov.br\/portal\/wp-json\/wp\/v2\/users\/1"}],"replies":[{"embeddable":true,"href":"https:\/\/www.santaritadopassaquatro.sp.gov.br\/portal\/wp-json\/wp\/v2\/comments?post=2445"}],"version-history":[{"count":0,"href":"https:\/\/www.santaritadopassaquatro.sp.gov.br\/portal\/wp-json\/wp\/v2\/posts\/2445\/revisions"}],"wp:featuredmedia":[{"embeddable":true,"href":"https:\/\/www.santaritadopassaquatro.sp.gov.br\/portal\/wp-json\/wp\/v2\/media\/2447"}],"wp:attachment":[{"href":"https:\/\/www.santaritadopassaquatro.sp.gov.br\/portal\/wp-json\/wp\/v2\/media?parent=2445"}],"wp:term":[{"taxonomy":"category","embeddable":true,"href":"https:\/\/www.santaritadopassaquatro.sp.gov.br\/portal\/wp-json\/wp\/v2\/categories?post=2445"},{"taxonomy":"post_tag","embeddable":true,"href":"https:\/\/www.santaritadopassaquatro.sp.gov.br\/portal\/wp-json\/wp\/v2\/tags?post=2445"}],"curies":[{"name":"wp","href":"https:\/\/api.w.org\/{rel}","templated":true}]}}